{"id":9325,"date":"2016-12-25T09:03:55","date_gmt":"2016-12-25T09:03:55","guid":{"rendered":"http:\/\/www.paroquiadoscanhas.pt\/?p=9325"},"modified":"2016-12-25T09:04:40","modified_gmt":"2016-12-25T09:04:40","slug":"ref-46","status":"publish","type":"post","link":"https:\/\/www.paroquiadoscanhas.pt\/?p=9325","title":{"rendered":"Ref"},"content":{"rendered":"<p><center><b>\u00abN\u00f3s vimos a sua gl\u00f3ria, gl\u00f3ria que Lhe vem do Pai como Filho Unig\u00e9nito\u00bb<\/b><\/center><\/p>\n<p style=\"text-align: justify;\"><strong>\u00abAo ver a estrela, os magos sentiram uma grande alegria<\/strong>\u00bb (Mt 2,10). Tamb\u00e9m n\u00f3s acolhemos essa grande alegria nos nossos cora\u00e7\u00f5es, a mesma alegria que os anjos anunciam aos pastores. Adoremos com os magos, demos gl\u00f3ria com os pastores, cantemos com os anjos: <strong>\u00abNasceu-nos um Salvador, que \u00e9 o Messias Senhor; o Senhor Deus apareceu-nos\u00bb.\u00a0<\/strong><\/p>\n<p dir=\"ltr\" style=\"text-align: justify;\">Esta festa \u00e9 comum a toda a cria\u00e7\u00e3o: as estrelas correm no c\u00e9u, os magos chegam de pa\u00edses pag\u00e3os, a Terra recebe-a numa gruta. N\u00e3o h\u00e1 nada que n\u00e3o contribua para esta festa, nada que n\u00e3o chegue l\u00e1 com as m\u00e3os cheias. Fa\u00e7amos nascer em n\u00f3s um canto de alegria ; festejemos a salva\u00e7\u00e3o do mundo, o dia do nascimento da humanidade. Hoje foi abolida a condena\u00e7\u00e3o que afligia Ad\u00e3o. Que nunca mais se diga: <strong>\u00abTu \u00e9s p\u00f3 e em p\u00f3 te h\u00e1s de tornar\u00bb<\/strong> (Gn 3,19) mas: <strong>\u00abUnido \u00c0quele que desceu do C\u00e9u ser\u00e1s exaltado no C\u00e9u\u00bb.\u00a0<\/strong><\/p>\n<p style=\"text-align: justify;\"><strong>\u00abNasceu-nos um menino, um filho nos foi dado, eterno \u00e9 o seu poderio\u00bb<\/strong> (Is 9,5). Que abismo de bondade e de amor pelos homens! Une-te pois \u00e0queles que, na alegria, recebem o seu Senhor que desce do C\u00e9u e adoram o Grande Deus neste Menino.<\/p>\n<p dir=\"ltr\" style=\"text-align: justify;\">O poder de Deus manifesta-se neste corpo como a luz atrav\u00e9s das janelas, e resplandece aos olhos dos que t\u00eam um cora\u00e7\u00e3o puro (Mt 5,8). Com eles, poderemos ent\u00e3o,<strong> \u00abde rosto descoberto, contemplar, como num espelho, a gl\u00f3ria do Senhor, e sermos n\u00f3s pr\u00f3prios transfigurados de gl\u00f3ria em gl\u00f3ria\u00bb<\/strong> (2Cor 3,18), pela gra\u00e7a de Nosso Senhor Jesus Cristo e pelo seu amor pelos homens<\/p>\n<p dir=\"ltr\" style=\"text-align: right;\"><strong>S\u00e3o Bas\u00edlio (c. 330-379), monge, bispo de Cesareia da Capad\u00f3cia, doutor da Igreja <\/strong><br \/>\n<strong>Homilia sobre o nascimento de Cristo; PG 31, 1471s <\/strong><\/p>\n","protected":false},"excerpt":{"rendered":"<p>\u00abN\u00f3s vimos a sua gl\u00f3ria, gl\u00f3ria que Lhe vem do Pai como Filho Unig\u00e9nito\u00bb \u00abAo ver a estrela, os magos sentiram uma grande alegria\u00bb (Mt 2,10). Tamb\u00e9m n\u00f3s acolhemos essa grande alegria nos nossos cora\u00e7\u00f5es, a mesma alegria que os &hellip; <a href=\"https:\/\/www.paroquiadoscanhas.pt\/?p=9325\">Continue reading <span class=\"meta-nav\">&rarr;<\/span><\/a><\/p>\n","protected":false},"author":1,"featured_media":0,"comment_status":"closed","ping_status":"open","sticky":true,"template":"","format":"aside","meta":{"footnotes":""},"categories":[1],"tags":[],"class_list":["post-9325","post","type-post","status-publish","format-aside","hentry","category-sem-categoria","post_format-post-format-aside"],"_links":{"self":[{"href":"https:\/\/www.paroquiadoscanhas.pt\/index.php?rest_route=\/wp\/v2\/posts\/9325","targetHints":{"allow":["GET"]}}],"collection":[{"href":"https:\/\/www.paroquiadoscanhas.pt\/index.php?rest_route=\/wp\/v2\/posts"}],"about":[{"href":"https:\/\/www.paroquiadoscanhas.pt\/index.php?rest_route=\/wp\/v2\/types\/post"}],"author":[{"embeddable":true,"href":"https:\/\/www.paroquiadoscanhas.pt\/index.php?rest_route=\/wp\/v2\/users\/1"}],"replies":[{"embeddable":true,"href":"https:\/\/www.paroquiadoscanhas.pt\/index.php?rest_route=%2Fwp%2Fv2%2Fcomments&post=9325"}],"version-history":[{"count":2,"href":"https:\/\/www.paroquiadoscanhas.pt\/index.php?rest_route=\/wp\/v2\/posts\/9325\/revisions"}],"predecessor-version":[{"id":9327,"href":"https:\/\/www.paroquiadoscanhas.pt\/index.php?rest_route=\/wp\/v2\/posts\/9325\/revisions\/9327"}],"wp:attachment":[{"href":"https:\/\/www.paroquiadoscanhas.pt\/index.php?rest_route=%2Fwp%2Fv2%2Fmedia&parent=9325"}],"wp:term":[{"taxonomy":"category","embeddable":true,"href":"https:\/\/www.paroquiadoscanhas.pt\/index.php?rest_route=%2Fwp%2Fv2%2Fcategories&post=9325"},{"taxonomy":"post_tag","embeddable":true,"href":"https:\/\/www.paroquiadoscanhas.pt\/index.php?rest_route=%2Fwp%2Fv2%2Ftags&post=9325"}],"curies":[{"name":"wp","href":"https:\/\/api.w.org\/{rel}","templated":true}]}}