{"id":9308,"date":"2016-11-27T10:22:58","date_gmt":"2016-11-27T10:22:58","guid":{"rendered":"http:\/\/www.paroquiadoscanhas.pt\/?p=9308"},"modified":"2016-11-27T10:23:25","modified_gmt":"2016-11-27T10:23:25","slug":"ref-42","status":"publish","type":"post","link":"http:\/\/www.paroquiadoscanhas.pt\/?p=9308","title":{"rendered":"Ref"},"content":{"rendered":"<p><center><b>\u00abVelai, pois, orando continuamente, para aparecerdes firmes diante do Filho do Homem\u00bb (Lc 21,36)<\/b><\/center><\/p>\n<p style=\"text-align: justify;\">Este tempo do Advento representa as duas vindas do Senhor; em primeiro lugar, a dulc\u00edssima vinda do \u00abmais belo dos filhos dos homens\u00bb (Sl 45,3), do <strong>\u00abDesejado<\/strong> <strong>de todos os povos\u00bb<\/strong> (Ag 2,8 [Vulgata]), do Filho de Deus que manifestou visivelmente ao mundo, na carne, a sua presen\u00e7a h\u00e1 muito esperada e desejada ardentemente por todos os Patriarcas \u2014 a vinda que O trouxe a este mundo para salvar os pecadores.<\/p>\n<p style=\"text-align: justify;\">Mas este tempo relembra-nos tamb\u00e9m a vinda que aguardamos com uma esperan\u00e7a firme e da qual devemos todos os dias recordar-nos com l\u00e1grimas: aquela que ter\u00e1 lugar quando o pr\u00f3prio Senhor Se manifestar na sua gl\u00f3ria, ou seja, no dia do Ju\u00edzo, quando ele Se manifestar para julgar.<\/p>\n<p style=\"text-align: justify;\">A sua primeira vinda foi conhecida por muito poucos homens; na segunda, Ele manifestar-Se-\u00e1 aos justos e aos pecadores, como anuncia o profeta: <strong>\u00abE todos ver\u00e3o a salva\u00e7\u00e3o de Deus\u00bb<\/strong> (Is 40,5; Lc 3,6).<strong>\u00a0<\/strong><\/p>\n<p dir=\"ltr\" style=\"text-align: justify;\">Assim, irm\u00e3os car\u00edssimos, sigamos o exemplo dos Patriarcas, reavivando o desejo que eles tiveram e inflamando as nossas almas com o amor e o anseio por Cristo. Bem sabeis que a celebra\u00e7\u00e3o deste tempo foi institu\u00edda para renovar em n\u00f3s este desejo que os antigos tinham pela vinda do Senhor e para que, seguindo o seu exemplo, possamos n\u00f3s tamb\u00e9m suspirar pelo seu regresso.<\/p>\n<p dir=\"ltr\" style=\"text-align: justify;\">Consideremos todo o bem que o Senhor nos alcan\u00e7ou com a sua primeira vinda \u2014 quanto maiores bens nos alcan\u00e7ar\u00e1 Ele quando regressar! Com este pensamento, teremos ainda maior estima pela sua vinda passada e um maior desejo do seu regresso!<\/p>\n<p style=\"text-align: justify;\">Se queremos conhecer a paz quando Ele vier, esforcemo-nos por acolher com f\u00e9 e amor a sua vinda passada, permanecendo fielmente nas obras que ent\u00e3o nos manifestou e nos ensinou; nutramo-nos, de cora\u00e7\u00e3o, do amor de Cristo e, por ele, do seu desejo, para que, logo que chegue o Senhor, o Desejado de todos os povos, possamos levantar os olhos para Ele com toda a confian\u00e7a.<\/p>\n<p dir=\"ltr\" style=\"text-align: right;\"><strong>Santo Aelredo de Rievaulx (1110-1167), monge cisterciense <\/strong><br \/>\n<strong>Serm\u00e3o para o Advento do Senhor (PL 195, 363; PL 184, 818<\/strong><\/p>\n","protected":false},"excerpt":{"rendered":"<p>\u00abVelai, pois, orando continuamente, para aparecerdes firmes diante do Filho do Homem\u00bb (Lc 21,36) Este tempo do Advento representa as duas vindas do Senhor; em primeiro lugar, a dulc\u00edssima vinda do \u00abmais belo dos filhos dos homens\u00bb (Sl 45,3), do &hellip; <a href=\"http:\/\/www.paroquiadoscanhas.pt\/?p=9308\">Continue reading <span class=\"meta-nav\">&rarr;<\/span><\/a><\/p>\n","protected":false},"author":1,"featured_media":0,"comment_status":"closed","ping_status":"open","sticky":true,"template":"","format":"aside","meta":{"footnotes":""},"categories":[1],"tags":[],"class_list":["post-9308","post","type-post","status-publish","format-aside","hentry","category-sem-categoria","post_format-post-format-aside"],"_links":{"self":[{"href":"http:\/\/www.paroquiadoscanhas.pt\/index.php?rest_route=\/wp\/v2\/posts\/9308","targetHints":{"allow":["GET"]}}],"collection":[{"href":"http:\/\/www.paroquiadoscanhas.pt\/index.php?rest_route=\/wp\/v2\/posts"}],"about":[{"href":"http:\/\/www.paroquiadoscanhas.pt\/index.php?rest_route=\/wp\/v2\/types\/post"}],"author":[{"embeddable":true,"href":"http:\/\/www.paroquiadoscanhas.pt\/index.php?rest_route=\/wp\/v2\/users\/1"}],"replies":[{"embeddable":true,"href":"http:\/\/www.paroquiadoscanhas.pt\/index.php?rest_route=%2Fwp%2Fv2%2Fcomments&post=9308"}],"version-history":[{"count":2,"href":"http:\/\/www.paroquiadoscanhas.pt\/index.php?rest_route=\/wp\/v2\/posts\/9308\/revisions"}],"predecessor-version":[{"id":9310,"href":"http:\/\/www.paroquiadoscanhas.pt\/index.php?rest_route=\/wp\/v2\/posts\/9308\/revisions\/9310"}],"wp:attachment":[{"href":"http:\/\/www.paroquiadoscanhas.pt\/index.php?rest_route=%2Fwp%2Fv2%2Fmedia&parent=9308"}],"wp:term":[{"taxonomy":"category","embeddable":true,"href":"http:\/\/www.paroquiadoscanhas.pt\/index.php?rest_route=%2Fwp%2Fv2%2Fcategories&post=9308"},{"taxonomy":"post_tag","embeddable":true,"href":"http:\/\/www.paroquiadoscanhas.pt\/index.php?rest_route=%2Fwp%2Fv2%2Ftags&post=9308"}],"curies":[{"name":"wp","href":"https:\/\/api.w.org\/{rel}","templated":true}]}}