{"id":9291,"date":"2016-10-23T07:49:43","date_gmt":"2016-10-23T07:49:43","guid":{"rendered":"http:\/\/www.paroquiadoscanhas.pt\/?p=9291"},"modified":"2016-10-23T07:50:43","modified_gmt":"2016-10-23T07:50:43","slug":"ref-38","status":"publish","type":"post","link":"http:\/\/www.paroquiadoscanhas.pt\/?p=9291","title":{"rendered":"Ref"},"content":{"rendered":"<p><b>\u00abO publicano nem sequer se atrevia a erguer os olhos ao C\u00e9u.\u00bb<\/b><em><br \/>\n<\/em><\/p>\n<p style=\"text-align: justify;\">Qual \u00e9 o vaso para onde a gra\u00e7a se inclina de prefer\u00eancia? Se a confian\u00e7a foi feita para receber nela a miseric\u00f3rdia, e a paci\u00eancia para recolher a justi\u00e7a, que recipiente podemos propor que esteja apto a receber a gra\u00e7a?<\/p>\n<p dir=\"ltr\" style=\"text-align: justify;\">Trata-se de um b\u00e1lsamo muito puro, que precisa de um vaso muito s\u00f3lido. Ora, o que h\u00e1 de mais puro e mais s\u00f3lido que a humildade de cora\u00e7\u00e3o? \u00c9 por isso que Deus \u00abd\u00e1 a sua gra\u00e7a aos humildes\u00bb (Tg 4,6).<\/p>\n<p dir=\"ltr\" style=\"text-align: justify;\">Foi com raz\u00e3o que <strong>\u00abEle poisou o seu olhar na humildade da sua serva\u00bb<\/strong> (Lc 1,48); porque um cora\u00e7\u00e3o humilde n\u00e3o se deixa ocupar pelo m\u00e9rito humano e a plenitude da gra\u00e7a pode expandir-se nele mais livremente.<\/p>\n<p style=\"text-align: justify;\">Observastes este fariseu em ora\u00e7\u00e3o? Ele n\u00e3o era ladr\u00e3o, nem injusto, nem ad\u00faltero. N\u00e3o negligenciava a penit\u00eancia. Jejuava dois dias por semana, dava o d\u00edzimo de tudo quanto possu\u00eda.<\/p>\n<p dir=\"ltr\" style=\"text-align: justify;\">Mas n\u00e3o estava esvaziado de si mesmo, n\u00e3o se despojara de si pr\u00f3prio (Fil 2,7), n\u00e3o era humilde, mas, pelo contr\u00e1rio, altivo. Com efeito, n\u00e3o se preocupou em saber o que ainda lhe faltava, mas exagerou o seu m\u00e9rito; n\u00e3o estava cheio, mas inchado.<\/p>\n<p dir=\"ltr\" style=\"text-align: justify;\">E foi-se embora vazio, por ter simulado a plenitude. O publicano, pelo contr\u00e1rio, porque se humilhou a si pr\u00f3prio e se preocupou em se apresentar como um vaso vazio, p\u00f4de trazer uma gra\u00e7a muito mais abundante.<\/p>\n<p dir=\"ltr\" style=\"text-align: right;\"><strong> S\u00e3o Bernardo (1091-1153), monge cisterciense, doutor da Igreja <\/strong><br \/>\n<strong>3.\u00ba serm\u00e3o sobre a Anuncia\u00e7\u00e3o, 9-10 <\/strong><\/p>\n","protected":false},"excerpt":{"rendered":"<p>\u00abO publicano nem sequer se atrevia a erguer os olhos ao C\u00e9u.\u00bb Qual \u00e9 o vaso para onde a gra\u00e7a se inclina de prefer\u00eancia? Se a confian\u00e7a foi feita para receber nela a miseric\u00f3rdia, e a paci\u00eancia para recolher a &hellip; <a href=\"http:\/\/www.paroquiadoscanhas.pt\/?p=9291\">Continue reading <span class=\"meta-nav\">&rarr;<\/span><\/a><\/p>\n","protected":false},"author":1,"featured_media":0,"comment_status":"closed","ping_status":"open","sticky":true,"template":"","format":"aside","meta":{"footnotes":""},"categories":[1],"tags":[],"class_list":["post-9291","post","type-post","status-publish","format-aside","hentry","category-sem-categoria","post_format-post-format-aside"],"_links":{"self":[{"href":"http:\/\/www.paroquiadoscanhas.pt\/index.php?rest_route=\/wp\/v2\/posts\/9291","targetHints":{"allow":["GET"]}}],"collection":[{"href":"http:\/\/www.paroquiadoscanhas.pt\/index.php?rest_route=\/wp\/v2\/posts"}],"about":[{"href":"http:\/\/www.paroquiadoscanhas.pt\/index.php?rest_route=\/wp\/v2\/types\/post"}],"author":[{"embeddable":true,"href":"http:\/\/www.paroquiadoscanhas.pt\/index.php?rest_route=\/wp\/v2\/users\/1"}],"replies":[{"embeddable":true,"href":"http:\/\/www.paroquiadoscanhas.pt\/index.php?rest_route=%2Fwp%2Fv2%2Fcomments&post=9291"}],"version-history":[{"count":3,"href":"http:\/\/www.paroquiadoscanhas.pt\/index.php?rest_route=\/wp\/v2\/posts\/9291\/revisions"}],"predecessor-version":[{"id":9294,"href":"http:\/\/www.paroquiadoscanhas.pt\/index.php?rest_route=\/wp\/v2\/posts\/9291\/revisions\/9294"}],"wp:attachment":[{"href":"http:\/\/www.paroquiadoscanhas.pt\/index.php?rest_route=%2Fwp%2Fv2%2Fmedia&parent=9291"}],"wp:term":[{"taxonomy":"category","embeddable":true,"href":"http:\/\/www.paroquiadoscanhas.pt\/index.php?rest_route=%2Fwp%2Fv2%2Fcategories&post=9291"},{"taxonomy":"post_tag","embeddable":true,"href":"http:\/\/www.paroquiadoscanhas.pt\/index.php?rest_route=%2Fwp%2Fv2%2Ftags&post=9291"}],"curies":[{"name":"wp","href":"https:\/\/api.w.org\/{rel}","templated":true}]}}