{"id":9287,"date":"2016-10-16T08:28:18","date_gmt":"2016-10-16T08:28:18","guid":{"rendered":"http:\/\/www.paroquiadoscanhas.pt\/?p=9287"},"modified":"2016-10-16T08:29:05","modified_gmt":"2016-10-16T08:29:05","slug":"ref-37","status":"publish","type":"post","link":"http:\/\/www.paroquiadoscanhas.pt\/?p=9287","title":{"rendered":"Ref"},"content":{"rendered":"<p><center><b>Rezar sempre sem desfalecer<\/b><\/center><\/p>\n<p style=\"text-align: justify;\">Gostar de rezar. Sente muitas vezes, ao longo do dia, a necessidade de rezar. A ora\u00e7\u00e3o dilata o cora\u00e7\u00e3o a ponto de ele se tornar capaz de receber o dom de Deus, que \u00e9 Ele pr\u00f3prio.<\/p>\n<p style=\"text-align: justify;\">Pede, procura, e o teu cora\u00e7\u00e3o alargar-se-\u00e1 a ponto de O receber, de O guardar como teu bem.<\/p>\n<p dir=\"ltr\" style=\"text-align: justify;\">Desejamos tanto rezar bem, e depois n\u00e3o conseguimos; ent\u00e3o perdemos a coragem e desistimos. Se queres rezar melhor, tens de rezar mais. Deus aceita o fracasso, mas n\u00e3o quer que percas a coragem.<\/p>\n<p dir=\"ltr\" style=\"text-align: justify;\">Ele quer que sejamos cada vez mais crian\u00e7as, cada vez mais humildes, cada vez mais cheios de gratid\u00e3o na ora\u00e7\u00e3o. Quer que nos recordemos de que pertencemos ao corpo m\u00edstico de Cristo, que \u00e9 ora\u00e7\u00e3o perp\u00e9tua.<\/p>\n<p style=\"text-align: justify;\">Devemos ajudar-nos uns aos outros com as nossas ora\u00e7\u00f5es. Libertemos o esp\u00edrito. N\u00e3o rezemos longamente: que as nossas ora\u00e7\u00f5es n\u00e3o sejam intermin\u00e1veis, mas breves e cheias de amor. Rezemos por aqueles que n\u00e3o rezam. Recordemos que aquele que quer ser capaz de amar tem de ser capaz de rezar.<\/p>\n<p dir=\"ltr\" style=\"text-align: right;\"><strong>Santa Teresa de Calcut\u00e1 (1910-1997), fundadora das Irm\u00e3s Mission\u00e1rias da Caridade <\/strong><br \/>\n<strong>\u00abNo Greater Love\u00bb<\/strong><\/p>\n","protected":false},"excerpt":{"rendered":"<p>Rezar sempre sem desfalecer Gostar de rezar. Sente muitas vezes, ao longo do dia, a necessidade de rezar. A ora\u00e7\u00e3o dilata o cora\u00e7\u00e3o a ponto de ele se tornar capaz de receber o dom de Deus, que \u00e9 Ele pr\u00f3prio. &hellip; <a href=\"http:\/\/www.paroquiadoscanhas.pt\/?p=9287\">Continue reading <span class=\"meta-nav\">&rarr;<\/span><\/a><\/p>\n","protected":false},"author":1,"featured_media":0,"comment_status":"closed","ping_status":"open","sticky":true,"template":"","format":"aside","meta":{"footnotes":""},"categories":[1],"tags":[],"class_list":["post-9287","post","type-post","status-publish","format-aside","hentry","category-sem-categoria","post_format-post-format-aside"],"_links":{"self":[{"href":"http:\/\/www.paroquiadoscanhas.pt\/index.php?rest_route=\/wp\/v2\/posts\/9287","targetHints":{"allow":["GET"]}}],"collection":[{"href":"http:\/\/www.paroquiadoscanhas.pt\/index.php?rest_route=\/wp\/v2\/posts"}],"about":[{"href":"http:\/\/www.paroquiadoscanhas.pt\/index.php?rest_route=\/wp\/v2\/types\/post"}],"author":[{"embeddable":true,"href":"http:\/\/www.paroquiadoscanhas.pt\/index.php?rest_route=\/wp\/v2\/users\/1"}],"replies":[{"embeddable":true,"href":"http:\/\/www.paroquiadoscanhas.pt\/index.php?rest_route=%2Fwp%2Fv2%2Fcomments&post=9287"}],"version-history":[{"count":2,"href":"http:\/\/www.paroquiadoscanhas.pt\/index.php?rest_route=\/wp\/v2\/posts\/9287\/revisions"}],"predecessor-version":[{"id":9289,"href":"http:\/\/www.paroquiadoscanhas.pt\/index.php?rest_route=\/wp\/v2\/posts\/9287\/revisions\/9289"}],"wp:attachment":[{"href":"http:\/\/www.paroquiadoscanhas.pt\/index.php?rest_route=%2Fwp%2Fv2%2Fmedia&parent=9287"}],"wp:term":[{"taxonomy":"category","embeddable":true,"href":"http:\/\/www.paroquiadoscanhas.pt\/index.php?rest_route=%2Fwp%2Fv2%2Fcategories&post=9287"},{"taxonomy":"post_tag","embeddable":true,"href":"http:\/\/www.paroquiadoscanhas.pt\/index.php?rest_route=%2Fwp%2Fv2%2Ftags&post=9287"}],"curies":[{"name":"wp","href":"https:\/\/api.w.org\/{rel}","templated":true}]}}