{"id":9251,"date":"2016-08-14T07:20:16","date_gmt":"2016-08-14T07:20:16","guid":{"rendered":"http:\/\/www.paroquiadoscanhas.pt\/?p=9251"},"modified":"2016-08-14T07:21:08","modified_gmt":"2016-08-14T07:21:08","slug":"9251","status":"publish","type":"post","link":"http:\/\/www.paroquiadoscanhas.pt\/?p=9251","title":{"rendered":"Ref"},"content":{"rendered":"<p style=\"text-align: center;\"><b>Acender no cora\u00e7\u00e3o dos homens o fogo do amor de Deus<\/b><\/p>\n<p style=\"text-align: justify;\"><strong>\u00abEu vim trazer o fogo \u00e0 terra\u00bb<\/strong>: desci do alto dos c\u00e9us e, pelo mist\u00e9rio da minha encarna\u00e7\u00e3o, manifestei-Me aos homens para acender no cora\u00e7\u00e3o humano o fogo do amor divino. <strong>\u00abE que quero Eu sen\u00e3o que ele se acenda?\u00bb<\/strong> \u2013 isto \u00e9, que pegue e se torne uma chama ativada pelo Esp\u00edrito Santo, que fa\u00e7a brilhar actos de bondade!<\/p>\n<p dir=\"ltr\" style=\"text-align: justify;\">Cristo anuncia a seguir que ter\u00e1 de morrer na cruz para que o fogo deste amor incendeie a humanidade. Foi, efectivamente, a sant\u00edssima Paix\u00e3o de Cristo que valeu \u00e0 humanidade dom t\u00e3o grande, e \u00e9 sobretudo a mem\u00f3ria da Sua Paix\u00e3o que acende uma chama nos cora\u00e7\u00f5es fi\u00e9is.<strong> \u00abTenho de receber um baptismo\u00bb<\/strong>; ou seja: compete-Me e est\u00e1-Me reservado, por especial disposi\u00e7\u00e3o de Deus, receber um baptismo de sangue, banhar-Me e como que mergulhar nas \u00e1guas do meu sangue derramado na cruz, a fim de resgatar o mundo inteiro. <strong>\u00abE estou ansioso at\u00e9 que ele se realize\u00bb<\/strong> \u2013 por outras palavras, at\u00e9 que a minha Paix\u00e3o seja completa, e que Eu possa dizer<strong>: \u00abTudo est\u00e1 consumado!\u00bb<\/strong> (Jo 19,30).<\/p>\n<p dir=\"ltr\" style=\"text-align: right;\"><strong>Dion\u00edsio o Cartuxo (1402-1471), monge <\/strong><br \/>\n<strong>Coment\u00e1rio ao Evangelho de Lucas, 12, 72-74<\/strong><\/p>\n","protected":false},"excerpt":{"rendered":"<p>Acender no cora\u00e7\u00e3o dos homens o fogo do amor de Deus \u00abEu vim trazer o fogo \u00e0 terra\u00bb: desci do alto dos c\u00e9us e, pelo mist\u00e9rio da minha encarna\u00e7\u00e3o, manifestei-Me aos homens para acender no cora\u00e7\u00e3o humano o fogo do &hellip; <a href=\"http:\/\/www.paroquiadoscanhas.pt\/?p=9251\">Continue reading <span class=\"meta-nav\">&rarr;<\/span><\/a><\/p>\n","protected":false},"author":1,"featured_media":0,"comment_status":"closed","ping_status":"open","sticky":true,"template":"","format":"aside","meta":{"footnotes":""},"categories":[1],"tags":[],"class_list":["post-9251","post","type-post","status-publish","format-aside","hentry","category-sem-categoria","post_format-post-format-aside"],"_links":{"self":[{"href":"http:\/\/www.paroquiadoscanhas.pt\/index.php?rest_route=\/wp\/v2\/posts\/9251","targetHints":{"allow":["GET"]}}],"collection":[{"href":"http:\/\/www.paroquiadoscanhas.pt\/index.php?rest_route=\/wp\/v2\/posts"}],"about":[{"href":"http:\/\/www.paroquiadoscanhas.pt\/index.php?rest_route=\/wp\/v2\/types\/post"}],"author":[{"embeddable":true,"href":"http:\/\/www.paroquiadoscanhas.pt\/index.php?rest_route=\/wp\/v2\/users\/1"}],"replies":[{"embeddable":true,"href":"http:\/\/www.paroquiadoscanhas.pt\/index.php?rest_route=%2Fwp%2Fv2%2Fcomments&post=9251"}],"version-history":[{"count":4,"href":"http:\/\/www.paroquiadoscanhas.pt\/index.php?rest_route=\/wp\/v2\/posts\/9251\/revisions"}],"predecessor-version":[{"id":9255,"href":"http:\/\/www.paroquiadoscanhas.pt\/index.php?rest_route=\/wp\/v2\/posts\/9251\/revisions\/9255"}],"wp:attachment":[{"href":"http:\/\/www.paroquiadoscanhas.pt\/index.php?rest_route=%2Fwp%2Fv2%2Fmedia&parent=9251"}],"wp:term":[{"taxonomy":"category","embeddable":true,"href":"http:\/\/www.paroquiadoscanhas.pt\/index.php?rest_route=%2Fwp%2Fv2%2Fcategories&post=9251"},{"taxonomy":"post_tag","embeddable":true,"href":"http:\/\/www.paroquiadoscanhas.pt\/index.php?rest_route=%2Fwp%2Fv2%2Ftags&post=9251"}],"curies":[{"name":"wp","href":"https:\/\/api.w.org\/{rel}","templated":true}]}}