{"id":9171,"date":"2016-03-26T10:31:24","date_gmt":"2016-03-26T10:31:24","guid":{"rendered":"http:\/\/www.paroquiadoscanhas.pt\/?p=9171"},"modified":"2016-03-26T10:31:43","modified_gmt":"2016-03-26T10:31:43","slug":"ref-11","status":"publish","type":"post","link":"http:\/\/www.paroquiadoscanhas.pt\/?p=9171","title":{"rendered":"Ref"},"content":{"rendered":"<p><center><b>A noite que nos liberta do sono da morte<\/b><\/center><\/p>\n<p style=\"text-align: justify;\">Vigiemos, irm\u00e3os, porque at\u00e9 esta noite Cristo permaneceu no t\u00famulo. Foi durante esta noite que se deu a ressurrei\u00e7\u00e3o da carne. Sobre a cruz, ela foi alvo de irris\u00e3o; hoje, os c\u00e9us e a terra a adoram.<\/p>\n<p style=\"text-align: justify;\">Esta noite faz j\u00e1 parte do nosso domingo. Era mesmo preciso que Cristo ressuscitasse durante a noite, uma vez que a Sua ressurrei\u00e7\u00e3o iluminou as nossas trevas. Tal como a nossa f\u00e9, fortificada pela ressurrei\u00e7\u00e3o de Cristo, afasta todo o sono, assim esta noite, iluminada pelas nossas velas, se enche de claridade. Ela faz-nos esperar, com a Igreja espalhada por toda a Terra, que n\u00e3o sejamos surpreendidos a meio da noite (Mc 13,33).<\/p>\n<p dir=\"ltr\" style=\"text-align: justify;\">Em muitos pa\u00edses onde esta festa, t\u00e3o solene para todos, re\u00fane os povos em nome de Cristo, o sol j\u00e1 se p\u00f4s, mas o dia ainda n\u00e3o acabou; a claridade do c\u00e9u deu lugar \u00e0s luzes da terra.<\/p>\n<p dir=\"ltr\" style=\"text-align: justify;\">Aquele que nos deu a gl\u00f3ria do seu nome (Sl 28,2) iluminou tamb\u00e9m esta noite. Aquele a quem dizemos <strong>\u00abTu iluminas as minhas trevas\u00bb<\/strong> (Sl 18,29) derrama a Sua claridade nos nossos cora\u00e7\u00f5es.<\/p>\n<p dir=\"ltr\" style=\"text-align: justify;\">E, assim como os nossos olhos deslumbrados contemplam as velas acesas, assim o nosso esp\u00edrito iluminado nos faz ver como esta noite \u00e9 luminosa &#8211; esta santa noite em que o Senhor come\u00e7ou na Sua pr\u00f3pria carne a vida que n\u00e3o conhece o sono nem a morte!<\/p>\n<p dir=\"ltr\" style=\"text-align: right;\"><strong>Santo Agostinho (354-430), bispo de Hipona (norte de \u00c1frica), doutor da Igreja <\/strong><br \/>\n<strong>2\u00aa homilia para a Noite Santa<\/strong><\/p>\n","protected":false},"excerpt":{"rendered":"<p>A noite que nos liberta do sono da morte Vigiemos, irm\u00e3os, porque at\u00e9 esta noite Cristo permaneceu no t\u00famulo. Foi durante esta noite que se deu a ressurrei\u00e7\u00e3o da carne. Sobre a cruz, ela foi alvo de irris\u00e3o; hoje, os &hellip; <a href=\"http:\/\/www.paroquiadoscanhas.pt\/?p=9171\">Continue reading <span class=\"meta-nav\">&rarr;<\/span><\/a><\/p>\n","protected":false},"author":1,"featured_media":0,"comment_status":"closed","ping_status":"open","sticky":true,"template":"","format":"aside","meta":{"footnotes":""},"categories":[1],"tags":[],"class_list":["post-9171","post","type-post","status-publish","format-aside","hentry","category-sem-categoria","post_format-post-format-aside"],"_links":{"self":[{"href":"http:\/\/www.paroquiadoscanhas.pt\/index.php?rest_route=\/wp\/v2\/posts\/9171","targetHints":{"allow":["GET"]}}],"collection":[{"href":"http:\/\/www.paroquiadoscanhas.pt\/index.php?rest_route=\/wp\/v2\/posts"}],"about":[{"href":"http:\/\/www.paroquiadoscanhas.pt\/index.php?rest_route=\/wp\/v2\/types\/post"}],"author":[{"embeddable":true,"href":"http:\/\/www.paroquiadoscanhas.pt\/index.php?rest_route=\/wp\/v2\/users\/1"}],"replies":[{"embeddable":true,"href":"http:\/\/www.paroquiadoscanhas.pt\/index.php?rest_route=%2Fwp%2Fv2%2Fcomments&post=9171"}],"version-history":[{"count":2,"href":"http:\/\/www.paroquiadoscanhas.pt\/index.php?rest_route=\/wp\/v2\/posts\/9171\/revisions"}],"predecessor-version":[{"id":9173,"href":"http:\/\/www.paroquiadoscanhas.pt\/index.php?rest_route=\/wp\/v2\/posts\/9171\/revisions\/9173"}],"wp:attachment":[{"href":"http:\/\/www.paroquiadoscanhas.pt\/index.php?rest_route=%2Fwp%2Fv2%2Fmedia&parent=9171"}],"wp:term":[{"taxonomy":"category","embeddable":true,"href":"http:\/\/www.paroquiadoscanhas.pt\/index.php?rest_route=%2Fwp%2Fv2%2Fcategories&post=9171"},{"taxonomy":"post_tag","embeddable":true,"href":"http:\/\/www.paroquiadoscanhas.pt\/index.php?rest_route=%2Fwp%2Fv2%2Ftags&post=9171"}],"curies":[{"name":"wp","href":"https:\/\/api.w.org\/{rel}","templated":true}]}}