{"id":9167,"date":"2016-03-20T07:50:42","date_gmt":"2016-03-20T07:50:42","guid":{"rendered":"http:\/\/www.paroquiadoscanhas.pt\/?p=9167"},"modified":"2016-03-20T07:51:28","modified_gmt":"2016-03-20T07:51:28","slug":"ref-10","status":"publish","type":"post","link":"http:\/\/www.paroquiadoscanhas.pt\/?p=9167","title":{"rendered":"Ref"},"content":{"rendered":"<p><center><b>\u00abEis o teu rei que vem a ti\u00bb (Zac 9,9; Mt 21,5)<\/b><\/center><\/p>\n<p style=\"text-align: justify;\">Vinde, subamos juntos ao Monte das Oliveiras; vamos ao encontro de Cristo. Ele vem hoje de Bet\u00e2nia e avan\u00e7a de livre vontade para a sua santa e bem-aventurada Paix\u00e3o, a fim de levar a termo o mist\u00e9rio da nossa salva\u00e7\u00e3o. Vem, pois, a caminho de Jerusal\u00e9m, Aquele que desceu do C\u00e9u por n\u00f3s, quando jaz\u00edamos nas profundezas, a fim de nos elevar com Ele, como dizem as Escrituras,\u00abacima de todas as potestades e de todos os seres que nos dominam, seja qual for o seu nome\u00bb (Ef 1,21).<\/p>\n<p style=\"text-align: justify;\">Mas vem sem ostenta\u00e7\u00e3o e sem fausto. Porque, como diz o profeta, <strong>\u00abEle n\u00e3o protestar\u00e1, n\u00e3o gritar\u00e1, n\u00e3o far\u00e1 ouvir a sua voz\u00bb<\/strong> (Is 42,2). Ser\u00e1 manso e humilde, far\u00e1 a sua entrada sem alarde.<\/p>\n<p dir=\"ltr\" style=\"text-align: justify;\">Vamos, corramos para Aquele que Se apressa para a sua Paix\u00e3o; imitemos aqueles que correram \u00e0 sua frente. N\u00e3o para estender sobre o caminho, como eles fizeram, ramos de oliveira, vestes ou palmas.<\/p>\n<p dir=\"ltr\" style=\"text-align: justify;\">N\u00f3s pr\u00f3prios \u00e9 que nos devemos inclinar diante dele, tanto quanto pudermos, por humildade de cora\u00e7\u00e3o e rectid\u00e3o de esp\u00edrito, a fim de acolhermos o Verbo que vem (Jo 1,9), a fim de que Deus encontre lugar em n\u00f3s, Ele que nada pode conter.<\/p>\n<p style=\"text-align: justify;\">Porque Ele Se alegra por Se mostrar assim, em toda a sua mansid\u00e3o, Ele que \u00e9 manso, <strong>\u00abEle que se eleva acima do sol posto\u00bb <\/strong>(Is 14,14), quer dizer, acima da nossa condi\u00e7\u00e3o degradada. Pois veio para ser o nosso companheiro, para nos elevar e reconduzir a Si pela palavra que nos une a Deus.<\/p>\n<p dir=\"ltr\" style=\"text-align: right;\"><strong>Santo Andr\u00e9 de Creta (660-740), monge, bispo <\/strong><br \/>\n<strong>Homilia para o Domingo de Ramos<\/strong><\/p>\n","protected":false},"excerpt":{"rendered":"<p>\u00abEis o teu rei que vem a ti\u00bb (Zac 9,9; Mt 21,5) Vinde, subamos juntos ao Monte das Oliveiras; vamos ao encontro de Cristo. Ele vem hoje de Bet\u00e2nia e avan\u00e7a de livre vontade para a sua santa e bem-aventurada &hellip; <a href=\"http:\/\/www.paroquiadoscanhas.pt\/?p=9167\">Continue reading <span class=\"meta-nav\">&rarr;<\/span><\/a><\/p>\n","protected":false},"author":1,"featured_media":0,"comment_status":"closed","ping_status":"open","sticky":true,"template":"","format":"aside","meta":{"footnotes":""},"categories":[1],"tags":[],"class_list":["post-9167","post","type-post","status-publish","format-aside","hentry","category-sem-categoria","post_format-post-format-aside"],"_links":{"self":[{"href":"http:\/\/www.paroquiadoscanhas.pt\/index.php?rest_route=\/wp\/v2\/posts\/9167","targetHints":{"allow":["GET"]}}],"collection":[{"href":"http:\/\/www.paroquiadoscanhas.pt\/index.php?rest_route=\/wp\/v2\/posts"}],"about":[{"href":"http:\/\/www.paroquiadoscanhas.pt\/index.php?rest_route=\/wp\/v2\/types\/post"}],"author":[{"embeddable":true,"href":"http:\/\/www.paroquiadoscanhas.pt\/index.php?rest_route=\/wp\/v2\/users\/1"}],"replies":[{"embeddable":true,"href":"http:\/\/www.paroquiadoscanhas.pt\/index.php?rest_route=%2Fwp%2Fv2%2Fcomments&post=9167"}],"version-history":[{"count":3,"href":"http:\/\/www.paroquiadoscanhas.pt\/index.php?rest_route=\/wp\/v2\/posts\/9167\/revisions"}],"predecessor-version":[{"id":9170,"href":"http:\/\/www.paroquiadoscanhas.pt\/index.php?rest_route=\/wp\/v2\/posts\/9167\/revisions\/9170"}],"wp:attachment":[{"href":"http:\/\/www.paroquiadoscanhas.pt\/index.php?rest_route=%2Fwp%2Fv2%2Fmedia&parent=9167"}],"wp:term":[{"taxonomy":"category","embeddable":true,"href":"http:\/\/www.paroquiadoscanhas.pt\/index.php?rest_route=%2Fwp%2Fv2%2Fcategories&post=9167"},{"taxonomy":"post_tag","embeddable":true,"href":"http:\/\/www.paroquiadoscanhas.pt\/index.php?rest_route=%2Fwp%2Fv2%2Ftags&post=9167"}],"curies":[{"name":"wp","href":"https:\/\/api.w.org\/{rel}","templated":true}]}}