{"id":9158,"date":"2016-03-06T09:05:24","date_gmt":"2016-03-06T09:05:24","guid":{"rendered":"http:\/\/www.paroquiadoscanhas.pt\/?p=9158"},"modified":"2016-03-06T09:05:53","modified_gmt":"2016-03-06T09:05:53","slug":"ref-8","status":"publish","type":"post","link":"http:\/\/www.paroquiadoscanhas.pt\/?p=9158","title":{"rendered":"Ref"},"content":{"rendered":"<p><center><b>\u00abQuando ainda estava longe, o pai avistou-o\u00bb<\/b><\/center><\/p>\n<p style=\"text-align: justify;\"><strong>\u00abV\u00f3s conheceis \u00e0 dist\u00e2ncia o meu pr\u00f3prio pensar. Estais atento a todos os meus passos\u00bb<\/strong> (Sl 138, 2-3). Enquanto sou viajante, antes da minha chegada \u00e0 p\u00e1tria, compreendeste o meu pensamento. Pensai no filho mais novo, que partiu para longe.<\/p>\n<p style=\"text-align: justify;\">\u00a0O mais velho n\u00e3o partiu para longe, trabalhava nos campos, simbolizando os santos que, respeitando a Lei, observavam as pr\u00e1ticas e os preceitos da Lei.<\/p>\n<p dir=\"ltr\" style=\"text-align: justify;\">Mas o g\u00e9nero humano, que se tinha desviado para o culto dos \u00eddolos, tinha <strong>\u00abpartido para longe\u00bb<\/strong>. Com efeito, nada est\u00e1 t\u00e3o longe daquele que te criou como essa imagem que modelaste para ti. O filho mais novo partiu, pois, para uma regi\u00e3o distante, levando consigo a sua parte da heran\u00e7a e, segundo nos diz o Evangelho, esbanjou-a.<\/p>\n<p dir=\"ltr\" style=\"text-align: justify;\">Mas, ap\u00f3s tantas infelicidades e tanto abatimento, depois das provas e do desenlace, recordou-se do pai e quis regressar para junto dele. Disse ent\u00e3o: <strong>\u00abLevantar-me-ei e irei ter com meu pai.\u00bb<\/strong><\/p>\n<p dir=\"ltr\" style=\"text-align: justify;\">N\u00e3o \u00e9 verdade que Aquele que abandonei est\u00e1 em toda a parte? \u00c9 por isso que, no Evangelho, o Senhor nos diz que o pai <strong>\u00abfoi ter com ele\u00bb.<\/strong> \u00c9 que Ele conheceu \u00e0 dist\u00e2ncia o seu pensar, pois estava atento a todos os seus passos. Que passos s\u00e3o esses, sen\u00e3o os maus caminhos que ele tinha seguido para abandonar o pai, como se pudesse esconder-se do seu olhar que chamava por ele, ou como se a mis\u00e9ria esmagadora que o reduzira a ser guardador de porcos n\u00e3o fosse o castigo que o pai lhe infligira, a fim de o levar a regressar?<\/p>\n<p>Deus ataca as nossas paix\u00f5es, para onde quer que vamos, por muito longe que nos encontremos. \u00c9 por isso que, qual fugitivo detido, o filho diz: <strong>\u00abV\u00f3s conheceis \u00e0 dist\u00e2ncia o meu pr\u00f3prio pensar. Estais atento a todos os meus<\/strong> <strong>passos.\u00bb<\/strong><\/p>\n<p dir=\"ltr\" style=\"text-align: justify;\">Os meus passos, por longe que me levassem, n\u00e3o puderam afastar-me do teu olhar. Tinha andado muito, mas Tu estavas aonde cheguei. Mesmo antes de eu l\u00e1 entrar, mesmo antes de eu ter come\u00e7ado a andar, j\u00e1 Tu me tinhas visto. E permitiste que seguisse os meus caminhos na dor, para que, se n\u00e3o quisesse continuar a sofrer, regressasse a Ti.<\/p>\n<p dir=\"ltr\" style=\"text-align: justify;\">Confesso a minha culpa diante de Ti: segui o meu pr\u00f3prio pensar, afastei-me de Ti; abandonei-Te, a Ti, junto de quem estava t\u00e3o bem; e, para meu bem, sofri por me encontrar sem Ti. Porque, se n\u00e3o tivesse sofrido sem Ti, talvez n\u00e3o tivesse querido regressar a Ti.<\/p>\n<p dir=\"ltr\" style=\"text-align: right;\"><strong>Santo Agostinho (354-430), bispo de Hipona (norte de \u00c1frica), doutor da Igreja <\/strong><br \/>\n<strong>Homilias sobre os salmos, Sl 138, 5-6<\/strong><\/p>\n","protected":false},"excerpt":{"rendered":"<p>\u00abQuando ainda estava longe, o pai avistou-o\u00bb \u00abV\u00f3s conheceis \u00e0 dist\u00e2ncia o meu pr\u00f3prio pensar. Estais atento a todos os meus passos\u00bb (Sl 138, 2-3). Enquanto sou viajante, antes da minha chegada \u00e0 p\u00e1tria, compreendeste o meu pensamento. Pensai no &hellip; <a href=\"http:\/\/www.paroquiadoscanhas.pt\/?p=9158\">Continue reading <span class=\"meta-nav\">&rarr;<\/span><\/a><\/p>\n","protected":false},"author":1,"featured_media":0,"comment_status":"closed","ping_status":"open","sticky":true,"template":"","format":"aside","meta":{"footnotes":""},"categories":[1],"tags":[],"class_list":["post-9158","post","type-post","status-publish","format-aside","hentry","category-sem-categoria","post_format-post-format-aside"],"_links":{"self":[{"href":"http:\/\/www.paroquiadoscanhas.pt\/index.php?rest_route=\/wp\/v2\/posts\/9158","targetHints":{"allow":["GET"]}}],"collection":[{"href":"http:\/\/www.paroquiadoscanhas.pt\/index.php?rest_route=\/wp\/v2\/posts"}],"about":[{"href":"http:\/\/www.paroquiadoscanhas.pt\/index.php?rest_route=\/wp\/v2\/types\/post"}],"author":[{"embeddable":true,"href":"http:\/\/www.paroquiadoscanhas.pt\/index.php?rest_route=\/wp\/v2\/users\/1"}],"replies":[{"embeddable":true,"href":"http:\/\/www.paroquiadoscanhas.pt\/index.php?rest_route=%2Fwp%2Fv2%2Fcomments&post=9158"}],"version-history":[{"count":2,"href":"http:\/\/www.paroquiadoscanhas.pt\/index.php?rest_route=\/wp\/v2\/posts\/9158\/revisions"}],"predecessor-version":[{"id":9160,"href":"http:\/\/www.paroquiadoscanhas.pt\/index.php?rest_route=\/wp\/v2\/posts\/9158\/revisions\/9160"}],"wp:attachment":[{"href":"http:\/\/www.paroquiadoscanhas.pt\/index.php?rest_route=%2Fwp%2Fv2%2Fmedia&parent=9158"}],"wp:term":[{"taxonomy":"category","embeddable":true,"href":"http:\/\/www.paroquiadoscanhas.pt\/index.php?rest_route=%2Fwp%2Fv2%2Fcategories&post=9158"},{"taxonomy":"post_tag","embeddable":true,"href":"http:\/\/www.paroquiadoscanhas.pt\/index.php?rest_route=%2Fwp%2Fv2%2Ftags&post=9158"}],"curies":[{"name":"wp","href":"https:\/\/api.w.org\/{rel}","templated":true}]}}