{"id":9072,"date":"2015-10-31T18:11:44","date_gmt":"2015-10-31T18:11:44","guid":{"rendered":"http:\/\/www.paroquiadoscanhas.pt\/?p=9072"},"modified":"2015-11-01T12:45:17","modified_gmt":"2015-11-01T12:45:17","slug":"9072","status":"publish","type":"post","link":"http:\/\/www.paroquiadoscanhas.pt\/?p=9072","title":{"rendered":"Reflex\u00e3o das leituras"},"content":{"rendered":"<p style=\"text-align: center;\"><strong>Dia de Todos os Santos \u2013 01 Novembro<\/strong><\/p>\n<p style=\"text-align: center;\">\u00a0\u00a0 <strong>Reflex\u00e3o das leituras: <\/strong>1\u00aa Leitura (Ap 7, 2-4); 2\u00aa Leit. (1 Jo 3, 1-3); Evangelho (Mt 5, 1-12a)<\/p>\n<p style=\"text-align: justify;\"><strong>A Comunh\u00e3o dos Santos. Celebramos a Festa de \u201cTodos os Santos\u201d. <\/strong><\/p>\n<p style=\"text-align: justify;\">a) Os Santos do calend\u00e1rio lit\u00fargico\u2026<\/p>\n<p style=\"text-align: justify;\">b) Os Santos an\u00f3nimos, mas reais\u2026<\/p>\n<p style=\"text-align: justify;\">c) Celebramos a santidade de Deus resplandecente nos membros do seu povo\u2026<\/p>\n<p style=\"text-align: justify;\"><strong>Os Santos e a Santidade. <\/strong><\/p>\n<p style=\"text-align: justify;\">a) A caricatura que muitos crist\u00e3os fazem dos Santos\u2026<\/p>\n<p style=\"text-align: justify;\">b) Os mitos e prod\u00edgios sem sentido\u2026<\/p>\n<p style=\"text-align: justify;\">c) Santo \u00e9 aquele que tomou a s\u00e9rio o Evangelho e o p\u00f4s em pr\u00e1tica.<\/p>\n<p style=\"text-align: justify;\"><strong>A Comunh\u00e3o dos Santos. <\/strong><\/p>\n<p style=\"text-align: justify;\">a) Tem a sua base na uni\u00e3o de todos os crentes com Jesus e na Igreja\u2026<\/p>\n<p style=\"text-align: justify;\">b) Ela \u00e9 consubstancial ao mist\u00e9rio da Igreja\u2026<\/p>\n<p style=\"text-align: justify;\">c) O culto e a devo\u00e7\u00e3o aos Santos\u2026<\/p>\n<p style=\"text-align: justify;\">Como \u00e9 que n\u00f3s situamos a nossa devo\u00e7\u00e3o aos Santos na nossa viv\u00eancia crist\u00e3?&#8230; <strong><br \/>\n<\/strong><\/p>\n<p style=\"text-align: right;\">P.P.<\/p>\n","protected":false},"excerpt":{"rendered":"<p>Dia de Todos os Santos \u2013 01 Novembro \u00a0\u00a0 Reflex\u00e3o das leituras: 1\u00aa Leitura (Ap 7, 2-4); 2\u00aa Leit. (1 Jo 3, 1-3); Evangelho (Mt 5, 1-12a) A Comunh\u00e3o dos Santos. Celebramos a Festa de \u201cTodos os Santos\u201d. a) Os &hellip; <a href=\"http:\/\/www.paroquiadoscanhas.pt\/?p=9072\">Continue reading <span class=\"meta-nav\">&rarr;<\/span><\/a><\/p>\n","protected":false},"author":1,"featured_media":0,"comment_status":"closed","ping_status":"open","sticky":true,"template":"","format":"aside","meta":{"footnotes":""},"categories":[1],"tags":[],"class_list":["post-9072","post","type-post","status-publish","format-aside","hentry","category-sem-categoria","post_format-post-format-aside"],"_links":{"self":[{"href":"http:\/\/www.paroquiadoscanhas.pt\/index.php?rest_route=\/wp\/v2\/posts\/9072","targetHints":{"allow":["GET"]}}],"collection":[{"href":"http:\/\/www.paroquiadoscanhas.pt\/index.php?rest_route=\/wp\/v2\/posts"}],"about":[{"href":"http:\/\/www.paroquiadoscanhas.pt\/index.php?rest_route=\/wp\/v2\/types\/post"}],"author":[{"embeddable":true,"href":"http:\/\/www.paroquiadoscanhas.pt\/index.php?rest_route=\/wp\/v2\/users\/1"}],"replies":[{"embeddable":true,"href":"http:\/\/www.paroquiadoscanhas.pt\/index.php?rest_route=%2Fwp%2Fv2%2Fcomments&post=9072"}],"version-history":[{"count":10,"href":"http:\/\/www.paroquiadoscanhas.pt\/index.php?rest_route=\/wp\/v2\/posts\/9072\/revisions"}],"predecessor-version":[{"id":9089,"href":"http:\/\/www.paroquiadoscanhas.pt\/index.php?rest_route=\/wp\/v2\/posts\/9072\/revisions\/9089"}],"wp:attachment":[{"href":"http:\/\/www.paroquiadoscanhas.pt\/index.php?rest_route=%2Fwp%2Fv2%2Fmedia&parent=9072"}],"wp:term":[{"taxonomy":"category","embeddable":true,"href":"http:\/\/www.paroquiadoscanhas.pt\/index.php?rest_route=%2Fwp%2Fv2%2Fcategories&post=9072"},{"taxonomy":"post_tag","embeddable":true,"href":"http:\/\/www.paroquiadoscanhas.pt\/index.php?rest_route=%2Fwp%2Fv2%2Ftags&post=9072"}],"curies":[{"name":"wp","href":"https:\/\/api.w.org\/{rel}","templated":true}]}}