{"id":9051,"date":"2015-09-19T09:50:11","date_gmt":"2015-09-19T09:50:11","guid":{"rendered":"http:\/\/www.paroquiadoscanhas.pt\/?p=9051"},"modified":"2015-09-19T09:50:35","modified_gmt":"2015-09-19T09:50:35","slug":"reflexao-das-leituras-66","status":"publish","type":"post","link":"http:\/\/www.paroquiadoscanhas.pt\/?p=9051","title":{"rendered":"Reflex\u00e3o das leituras"},"content":{"rendered":"<p style=\"text-align: center;\"><strong>XXV Domingo T. Comum \u2013 20 de Setembro<\/strong><\/p>\n<p style=\"text-align: center;\">\u00a0\u00a0 <strong>Reflex\u00e3o das leituras: <\/strong>1\u00aa Leitura (Sab 2, 12. 17-20); \u00a0\u00a0\u00a02\u00aa Leit. (Tg 3, 16-4,3); Evangelho ( Mc 9, 30 -37)<\/p>\n<p style=\"text-align: justify;\"><strong>Veio para Servir. As prioridades no Reino de Deus. <\/strong><\/p>\n<p style=\"text-align: justify;\">A ambi\u00e7\u00e3o do poder entre os disc\u00edpulos, gera a cegueira do entendimento. Uma catequese dram\u00e1tica de Jesus. <strong>\u201cQuem quiser ser o primeiro, h\u00e1-de ser o<\/strong> <strong>\u00faltimo de todos e o servidor de todos\u201d<\/strong>.<\/p>\n<p style=\"text-align: justify;\"><strong>Veio para Servir. <\/strong><\/p>\n<p style=\"text-align: justify;\">A ambi\u00e7\u00e3o do poder, raiz de todos os males sociais.<\/p>\n<p style=\"text-align: justify;\"><strong>\u201cServir o povo\u201d<\/strong>, um sequestro ideol\u00f3gico da demagogia pol\u00edtica, econ\u00f3mica e social.<\/p>\n<p style=\"text-align: justify;\">Cristo, o Bom Pastor, veio para servir, e n\u00e3o Se servir nem para explorar ningu\u00e9m.<\/p>\n<p style=\"text-align: justify;\"><strong>Servir, a voca\u00e7\u00e3o da Igreja. <\/strong><\/p>\n<p style=\"text-align: justify;\">A comum miss\u00e3o eclesial de servi\u00e7o, \u00e9 obra de toda a Igreja, pastores e fi\u00e9is. A miss\u00e3o da Igreja, no seguimento de Cristo, \u00e9 uma miss\u00e3o de servi\u00e7o, paz e salva\u00e7\u00e3o para o mundo\u2026<\/p>\n<p style=\"text-align: justify;\">Eis o segredo de saber mandar com amor: ver tudo, fazer pacientemente que n\u00e3o se v\u00ea e corrigir pouco.<\/p>\n<p style=\"text-align: right;\">P.P.<\/p>\n","protected":false},"excerpt":{"rendered":"<p>XXV Domingo T. Comum \u2013 20 de Setembro \u00a0\u00a0 Reflex\u00e3o das leituras: 1\u00aa Leitura (Sab 2, 12. 17-20); \u00a0\u00a0\u00a02\u00aa Leit. (Tg 3, 16-4,3); Evangelho ( Mc 9, 30 -37) Veio para Servir. As prioridades no Reino de Deus. A ambi\u00e7\u00e3o &hellip; <a href=\"http:\/\/www.paroquiadoscanhas.pt\/?p=9051\">Continue reading <span class=\"meta-nav\">&rarr;<\/span><\/a><\/p>\n","protected":false},"author":1,"featured_media":0,"comment_status":"closed","ping_status":"open","sticky":true,"template":"","format":"aside","meta":{"footnotes":""},"categories":[1],"tags":[],"class_list":["post-9051","post","type-post","status-publish","format-aside","hentry","category-sem-categoria","post_format-post-format-aside"],"_links":{"self":[{"href":"http:\/\/www.paroquiadoscanhas.pt\/index.php?rest_route=\/wp\/v2\/posts\/9051","targetHints":{"allow":["GET"]}}],"collection":[{"href":"http:\/\/www.paroquiadoscanhas.pt\/index.php?rest_route=\/wp\/v2\/posts"}],"about":[{"href":"http:\/\/www.paroquiadoscanhas.pt\/index.php?rest_route=\/wp\/v2\/types\/post"}],"author":[{"embeddable":true,"href":"http:\/\/www.paroquiadoscanhas.pt\/index.php?rest_route=\/wp\/v2\/users\/1"}],"replies":[{"embeddable":true,"href":"http:\/\/www.paroquiadoscanhas.pt\/index.php?rest_route=%2Fwp%2Fv2%2Fcomments&post=9051"}],"version-history":[{"count":1,"href":"http:\/\/www.paroquiadoscanhas.pt\/index.php?rest_route=\/wp\/v2\/posts\/9051\/revisions"}],"predecessor-version":[{"id":9052,"href":"http:\/\/www.paroquiadoscanhas.pt\/index.php?rest_route=\/wp\/v2\/posts\/9051\/revisions\/9052"}],"wp:attachment":[{"href":"http:\/\/www.paroquiadoscanhas.pt\/index.php?rest_route=%2Fwp%2Fv2%2Fmedia&parent=9051"}],"wp:term":[{"taxonomy":"category","embeddable":true,"href":"http:\/\/www.paroquiadoscanhas.pt\/index.php?rest_route=%2Fwp%2Fv2%2Fcategories&post=9051"},{"taxonomy":"post_tag","embeddable":true,"href":"http:\/\/www.paroquiadoscanhas.pt\/index.php?rest_route=%2Fwp%2Fv2%2Ftags&post=9051"}],"curies":[{"name":"wp","href":"https:\/\/api.w.org\/{rel}","templated":true}]}}