{"id":9049,"date":"2015-09-12T22:01:39","date_gmt":"2015-09-12T22:01:39","guid":{"rendered":"http:\/\/www.paroquiadoscanhas.pt\/?p=9049"},"modified":"2015-09-12T22:02:10","modified_gmt":"2015-09-12T22:02:10","slug":"reflexao-das-leituras-65","status":"publish","type":"post","link":"http:\/\/www.paroquiadoscanhas.pt\/?p=9049","title":{"rendered":"Reflex\u00e3o das leituras"},"content":{"rendered":"<p style=\"text-align: center;\"><strong>XXIV Domingo T. Comum \u2013 13 de Setembro<\/strong><\/p>\n<p style=\"text-align: center;\">\u00a0\u00a0 <strong>Reflex\u00e3o das leituras: <\/strong>1\u00aa Leitura (Is 50, 5-9a); 2\u00aa Leit. (Tg 2, 14-18); Evangelho (Mt 8, 27-35)<\/p>\n<p style=\"text-align: justify;\"><strong>A F\u00e9 vive-se nas obras, Tu \u00e9s o Messias. <\/strong><\/p>\n<p style=\"text-align: justify;\">Trata-se dum Messias sofredor e n\u00e3o triunfalista nem pol\u00edtico. A reac\u00e7\u00e3o posterior de Pedro, revela que os disc\u00edpulos precisam duma catequese sobre o mist\u00e9rio pascal.<\/p>\n<p style=\"text-align: justify;\">Jesus prop\u00f5e a todos a ascese libertadora da cruz. <strong>A morte, \u00faltima explica\u00e7\u00e3o da vida. <\/strong><\/p>\n<p style=\"text-align: justify;\">O convite de Jesus ao Seu seguimento, exige que se assuma livremente a cruz. A partilha nas dores da sua humanidade. Jesus \u00e9 o modelo. Por isso, Ele precedeu-nos a todos com o Seu exemplo.<\/p>\n<p style=\"text-align: justify;\"><strong>A f\u00e9 vive-se nas obras. <\/strong>As obras da f\u00e9 s\u00e3o a caridade efectiva com os mais carenciados.<\/p>\n<p style=\"text-align: justify;\">Jesus quer obras de convers\u00e3o e n\u00e3o palavras sem sentido. O evangelho pede-nos uma ascese libertadora e n\u00e3o masoquista.<\/p>\n<p style=\"text-align: justify;\">O acto mais pr\u00f3prio e verdadeiramente humano \u00e9 a aceita\u00e7\u00e3o livre da vontade de Deus.<\/p>\n<p style=\"text-align: right;\">P.P.<\/p>\n","protected":false},"excerpt":{"rendered":"<p>XXIV Domingo T. Comum \u2013 13 de Setembro \u00a0\u00a0 Reflex\u00e3o das leituras: 1\u00aa Leitura (Is 50, 5-9a); 2\u00aa Leit. (Tg 2, 14-18); Evangelho (Mt 8, 27-35) A F\u00e9 vive-se nas obras, Tu \u00e9s o Messias. Trata-se dum Messias sofredor e &hellip; <a href=\"http:\/\/www.paroquiadoscanhas.pt\/?p=9049\">Continue reading <span class=\"meta-nav\">&rarr;<\/span><\/a><\/p>\n","protected":false},"author":1,"featured_media":0,"comment_status":"closed","ping_status":"open","sticky":true,"template":"","format":"aside","meta":{"footnotes":""},"categories":[1],"tags":[],"class_list":["post-9049","post","type-post","status-publish","format-aside","hentry","category-sem-categoria","post_format-post-format-aside"],"_links":{"self":[{"href":"http:\/\/www.paroquiadoscanhas.pt\/index.php?rest_route=\/wp\/v2\/posts\/9049","targetHints":{"allow":["GET"]}}],"collection":[{"href":"http:\/\/www.paroquiadoscanhas.pt\/index.php?rest_route=\/wp\/v2\/posts"}],"about":[{"href":"http:\/\/www.paroquiadoscanhas.pt\/index.php?rest_route=\/wp\/v2\/types\/post"}],"author":[{"embeddable":true,"href":"http:\/\/www.paroquiadoscanhas.pt\/index.php?rest_route=\/wp\/v2\/users\/1"}],"replies":[{"embeddable":true,"href":"http:\/\/www.paroquiadoscanhas.pt\/index.php?rest_route=%2Fwp%2Fv2%2Fcomments&post=9049"}],"version-history":[{"count":1,"href":"http:\/\/www.paroquiadoscanhas.pt\/index.php?rest_route=\/wp\/v2\/posts\/9049\/revisions"}],"predecessor-version":[{"id":9050,"href":"http:\/\/www.paroquiadoscanhas.pt\/index.php?rest_route=\/wp\/v2\/posts\/9049\/revisions\/9050"}],"wp:attachment":[{"href":"http:\/\/www.paroquiadoscanhas.pt\/index.php?rest_route=%2Fwp%2Fv2%2Fmedia&parent=9049"}],"wp:term":[{"taxonomy":"category","embeddable":true,"href":"http:\/\/www.paroquiadoscanhas.pt\/index.php?rest_route=%2Fwp%2Fv2%2Fcategories&post=9049"},{"taxonomy":"post_tag","embeddable":true,"href":"http:\/\/www.paroquiadoscanhas.pt\/index.php?rest_route=%2Fwp%2Fv2%2Ftags&post=9049"}],"curies":[{"name":"wp","href":"https:\/\/api.w.org\/{rel}","templated":true}]}}