{"id":9028,"date":"2015-08-22T08:12:00","date_gmt":"2015-08-22T08:12:00","guid":{"rendered":"http:\/\/www.paroquiadoscanhas.pt\/?p=9028"},"modified":"2015-08-22T08:12:43","modified_gmt":"2015-08-22T08:12:43","slug":"reflexoes-das-leituras-4","status":"publish","type":"post","link":"http:\/\/www.paroquiadoscanhas.pt\/?p=9028","title":{"rendered":"Reflex\u00f5es das leituras"},"content":{"rendered":"<p style=\"text-align: center;\"><strong>XXI Domingo T. Comum \u2013 23 de Agosto<\/strong><\/p>\n<p style=\"text-align: center;\">\u00a0\u00a0 <strong>Reflex\u00e3o das leituras: <\/strong>1\u00aa Leitura (Jos 24, 1-2a); 2\u00aa Leit. (Ef 5, 21-32); Evangelho (Jo 6, 60-69)<\/p>\n<p style=\"text-align: justify;\"><strong>S\u00e3o as op\u00e7\u00f5es que nos definem. O discurso do P\u00e3o da Vida e as reac\u00e7\u00f5es em cadeia. <\/strong><\/p>\n<p style=\"text-align: justify;\">O negativismo incr\u00e9dulo dos judeus: <strong>\u201cIsto \u00e9 inaceit\u00e1vel!\u201d<\/strong>\u2026<\/p>\n<p style=\"text-align: justify;\">A reac\u00e7\u00e3o de f\u00e9 dos Doze, personificada por Pedro: <strong>\u201cA quem iremos n\u00f3s,<\/strong> <strong>Senhor?!\u201d<\/strong>\u2026 Isto equivale a uma profiss\u00e3o de f\u00e9 messi\u00e2nica\u2026 <strong>Aderir a Jesus, \u00e9 a op\u00e7\u00e3o fundamental. <\/strong><\/p>\n<p style=\"text-align: justify;\">Que lugar ocupa Jesus no contexto dos <strong>\u201cnossos \u00eddolos!?\u201d<\/strong>\u2026 As Bem-aventuran\u00e7as e os nossos crit\u00e9rios pessoais\u2026 A tenta\u00e7\u00e3o do des\u00e2nimo\u2026 <strong>Jesus \u00e9 resposta \u00e0s nossas inquieta\u00e7\u00f5es. <\/strong><\/p>\n<p style=\"text-align: justify;\">O dilema das alternativas\u2026 Mas temos de optar por quem nos oferece garantias. S\u00f3 uma Pessoa preenche todos os requisitos da felicidade.<\/p>\n<p style=\"text-align: right;\">P.P.<\/p>\n","protected":false},"excerpt":{"rendered":"<p>XXI Domingo T. Comum \u2013 23 de Agosto \u00a0\u00a0 Reflex\u00e3o das leituras: 1\u00aa Leitura (Jos 24, 1-2a); 2\u00aa Leit. (Ef 5, 21-32); Evangelho (Jo 6, 60-69) S\u00e3o as op\u00e7\u00f5es que nos definem. O discurso do P\u00e3o da Vida e as &hellip; <a href=\"http:\/\/www.paroquiadoscanhas.pt\/?p=9028\">Continue reading <span class=\"meta-nav\">&rarr;<\/span><\/a><\/p>\n","protected":false},"author":1,"featured_media":0,"comment_status":"closed","ping_status":"open","sticky":true,"template":"","format":"aside","meta":{"footnotes":""},"categories":[1],"tags":[],"class_list":["post-9028","post","type-post","status-publish","format-aside","hentry","category-sem-categoria","post_format-post-format-aside"],"_links":{"self":[{"href":"http:\/\/www.paroquiadoscanhas.pt\/index.php?rest_route=\/wp\/v2\/posts\/9028","targetHints":{"allow":["GET"]}}],"collection":[{"href":"http:\/\/www.paroquiadoscanhas.pt\/index.php?rest_route=\/wp\/v2\/posts"}],"about":[{"href":"http:\/\/www.paroquiadoscanhas.pt\/index.php?rest_route=\/wp\/v2\/types\/post"}],"author":[{"embeddable":true,"href":"http:\/\/www.paroquiadoscanhas.pt\/index.php?rest_route=\/wp\/v2\/users\/1"}],"replies":[{"embeddable":true,"href":"http:\/\/www.paroquiadoscanhas.pt\/index.php?rest_route=%2Fwp%2Fv2%2Fcomments&post=9028"}],"version-history":[{"count":1,"href":"http:\/\/www.paroquiadoscanhas.pt\/index.php?rest_route=\/wp\/v2\/posts\/9028\/revisions"}],"predecessor-version":[{"id":9029,"href":"http:\/\/www.paroquiadoscanhas.pt\/index.php?rest_route=\/wp\/v2\/posts\/9028\/revisions\/9029"}],"wp:attachment":[{"href":"http:\/\/www.paroquiadoscanhas.pt\/index.php?rest_route=%2Fwp%2Fv2%2Fmedia&parent=9028"}],"wp:term":[{"taxonomy":"category","embeddable":true,"href":"http:\/\/www.paroquiadoscanhas.pt\/index.php?rest_route=%2Fwp%2Fv2%2Fcategories&post=9028"},{"taxonomy":"post_tag","embeddable":true,"href":"http:\/\/www.paroquiadoscanhas.pt\/index.php?rest_route=%2Fwp%2Fv2%2Ftags&post=9028"}],"curies":[{"name":"wp","href":"https:\/\/api.w.org\/{rel}","templated":true}]}}