{"id":9004,"date":"2015-07-11T20:55:49","date_gmt":"2015-07-11T20:55:49","guid":{"rendered":"http:\/\/www.paroquiadoscanhas.pt\/?p=9004"},"modified":"2015-07-11T20:55:49","modified_gmt":"2015-07-11T20:55:49","slug":"reflexoes-das-leituras-3","status":"publish","type":"post","link":"http:\/\/www.paroquiadoscanhas.pt\/?p=9004","title":{"rendered":"Reflex\u00f5es das leituras"},"content":{"rendered":"<p style=\"text-align: center;\"><strong>XV Domingo T. Comum \u2013 12 de Julho<\/strong><\/p>\n<p style=\"text-align: center;\">\u00a0\u00a0 <strong>Reflex\u00e3o das leituras: <\/strong>1\u00aa Leitura (Am\u00f3s 7, 12-15); 2\u00aa Leit. (Ef 1, 3-14); Evangelho ( Mc 6, 7-13)<\/p>\n<p><strong>Evangelizar, palavra de ordem. Enviados a evangelizar o povo. <\/strong><\/p>\n<p style=\"text-align: justify;\">A primeira miss\u00e3o pr\u00e9- Pascal dos doze Ap\u00f3stolos; Foram enviados dois a dois; Com total disponibilidade\u2026<\/p>\n<p><strong>Dando um novo conte\u00fado \u00e0 religiosidade popular.<\/strong><\/p>\n<p>a) \u201cVai e profetiza\u201d\u2026 A recusa habitual dos profetas de Deus.<\/p>\n<p>b) Efeitos para anunciar a Salva\u00e7\u00e3o de Deus.<\/p>\n<p>c) O complexo problema da viv\u00eancia da f\u00e9 das cren\u00e7as populares.<\/p>\n<p><strong>A evangeliza\u00e7\u00e3o de hoje face \u00e0 religiosidade popular. <\/strong><\/p>\n<p>a) \u00c9 preciso ter em conta os verdadeiros valores da religiosidade popular.<\/p>\n<p>b) A maravilhosa oportunidade e urgente necessidade da sua reconvers\u00e3o.<\/p>\n<p>c) A incultura\u00e7\u00e3o da f\u00e9 no mundo de hoje.<\/p>\n<p>d) O testemunho evang\u00e9lico n\u00e3o se apoia em formas de influ\u00eancia social.<\/p>\n<p style=\"text-align: justify;\">A atitude de todo o evangelizador tem de ser a humildade, t\u00e3o recomendada por Jesus.<\/p>\n<p style=\"text-align: right;\">P.P.<\/p>\n","protected":false},"excerpt":{"rendered":"<p>XV Domingo T. Comum \u2013 12 de Julho \u00a0\u00a0 Reflex\u00e3o das leituras: 1\u00aa Leitura (Am\u00f3s 7, 12-15); 2\u00aa Leit. (Ef 1, 3-14); Evangelho ( Mc 6, 7-13) Evangelizar, palavra de ordem. Enviados a evangelizar o povo. A primeira miss\u00e3o pr\u00e9- &hellip; <a href=\"http:\/\/www.paroquiadoscanhas.pt\/?p=9004\">Continue reading <span class=\"meta-nav\">&rarr;<\/span><\/a><\/p>\n","protected":false},"author":1,"featured_media":0,"comment_status":"closed","ping_status":"open","sticky":true,"template":"","format":"aside","meta":{"footnotes":""},"categories":[1],"tags":[],"class_list":["post-9004","post","type-post","status-publish","format-aside","hentry","category-sem-categoria","post_format-post-format-aside"],"_links":{"self":[{"href":"http:\/\/www.paroquiadoscanhas.pt\/index.php?rest_route=\/wp\/v2\/posts\/9004","targetHints":{"allow":["GET"]}}],"collection":[{"href":"http:\/\/www.paroquiadoscanhas.pt\/index.php?rest_route=\/wp\/v2\/posts"}],"about":[{"href":"http:\/\/www.paroquiadoscanhas.pt\/index.php?rest_route=\/wp\/v2\/types\/post"}],"author":[{"embeddable":true,"href":"http:\/\/www.paroquiadoscanhas.pt\/index.php?rest_route=\/wp\/v2\/users\/1"}],"replies":[{"embeddable":true,"href":"http:\/\/www.paroquiadoscanhas.pt\/index.php?rest_route=%2Fwp%2Fv2%2Fcomments&post=9004"}],"version-history":[{"count":1,"href":"http:\/\/www.paroquiadoscanhas.pt\/index.php?rest_route=\/wp\/v2\/posts\/9004\/revisions"}],"predecessor-version":[{"id":9005,"href":"http:\/\/www.paroquiadoscanhas.pt\/index.php?rest_route=\/wp\/v2\/posts\/9004\/revisions\/9005"}],"wp:attachment":[{"href":"http:\/\/www.paroquiadoscanhas.pt\/index.php?rest_route=%2Fwp%2Fv2%2Fmedia&parent=9004"}],"wp:term":[{"taxonomy":"category","embeddable":true,"href":"http:\/\/www.paroquiadoscanhas.pt\/index.php?rest_route=%2Fwp%2Fv2%2Fcategories&post=9004"},{"taxonomy":"post_tag","embeddable":true,"href":"http:\/\/www.paroquiadoscanhas.pt\/index.php?rest_route=%2Fwp%2Fv2%2Ftags&post=9004"}],"curies":[{"name":"wp","href":"https:\/\/api.w.org\/{rel}","templated":true}]}}