{"id":8946,"date":"2015-04-03T07:54:31","date_gmt":"2015-04-03T07:54:31","guid":{"rendered":"http:\/\/www.paroquiadoscanhas.pt\/?p=8946"},"modified":"2015-04-03T08:08:52","modified_gmt":"2015-04-03T08:08:52","slug":"elevado-da-terra","status":"publish","type":"post","link":"http:\/\/www.paroquiadoscanhas.pt\/?p=8946","title":{"rendered":"Elevado da Terra"},"content":{"rendered":"<p><center><b>\u00abElevado da terra, atrairei todos a Mim\u00bb (Jo 12,32)<\/b><\/center><\/p>\n<p dir=\"ltr\" style=\"text-align: justify;\">Hoje, avan\u00e7a a cruz, a cria\u00e7\u00e3o exulta; a cruz, caminho dos perdidos, esperan\u00e7a dos crist\u00e3os, prega\u00e7\u00e3o dos ap\u00f3stolos, seguran\u00e7a do universo, fundamento da Igreja, fonte para os que t\u00eam sede.<\/p>\n<p dir=\"ltr\" style=\"text-align: justify;\">Em grande do\u00e7ura, Jesus \u00e9 conduzido \u00e0 Paix\u00e3o: \u00e9 conduzido ao julgamento de Pilatos; \u00e0 hora sexta, escarnecem dele; at\u00e9 \u00e0 hora nona, suporta a dor dos pregos; depois, a morte p\u00f5e fim \u00e0 sua Paix\u00e3o. Na d\u00e9cima segunda hora, \u00e9 descido da cruz.<\/p>\n<p style=\"text-align: justify;\">Durante o julgamento, a Sabedoria cala-Se e o Verbo nada diz. Os seus inimigos desprezam-No e crucificam-No. Aqueles a quem, ontem, tinha dado o seu corpo em alimento v\u00eaem-No morrer de longe.<\/p>\n<p dir=\"ltr\" style=\"text-align: justify;\">Pedro, o primeiro dos ap\u00f3stolos, foi o primeiro a fugir. Andr\u00e9 tamb\u00e9m fugiu, e Jo\u00e3o, que se inclinou sobre o seu peito, n\u00e3o impediu que um soldado Lhe perfurasse o lado com a lan\u00e7a.<\/p>\n<p dir=\"ltr\" style=\"text-align: justify;\">Os Doze fugiram; n\u00e3o disseram uma palavra em sua defesa, eles, por quem Ele d\u00e1 a vida. L\u00e1zaro n\u00e3o est\u00e1 l\u00e1, ele, a quem Ele chamou \u00e0 vida. O cego n\u00e3o chorou Aquele que lhe abriu os olhos para a luz, e os coxos, que gra\u00e7as a Ele podiam andar, n\u00e3o correram para junto dele.<\/p>\n<p style=\"text-align: justify;\">Apenas um bandido, crucificado a seu lado, O confessa e Lhe chama seu rei. \u00d3 ladr\u00e3o, flor precoce da \u00e1rvore da cruz, primeiro fruto da madeira do G\u00f3lgota! O Senhor reina: a cria\u00e7\u00e3o rejubila.<\/p>\n<p dir=\"ltr\" style=\"text-align: justify;\">A cruz triunfa, e todas as na\u00e7\u00f5es, tribos, l\u00ednguas e povos (Ap 7,9) v\u00eam ador\u00e1-Lo. A cruz restitui a luz a todo o universo, dissipa as trevas e re\u00fane as na\u00e7\u00f5es numa s\u00f3 Igreja, numa s\u00f3 f\u00e9, num s\u00f3 baptismo no Amor. A cruz ergue-se no centro do mundo, cravada no Calv\u00e1rio.<\/p>\n<p dir=\"ltr\" style=\"text-align: justify;\"><strong>Homilia atribu\u00edda a Santo Efr\u00e9m (c. 306-373), di\u00e1cono da S\u00edria, doutor da Igreja<\/strong><\/p>\n","protected":false},"excerpt":{"rendered":"<p>\u00abElevado da terra, atrairei todos a Mim\u00bb (Jo 12,32) Hoje, avan\u00e7a a cruz, a cria\u00e7\u00e3o exulta; a cruz, caminho dos perdidos, esperan\u00e7a dos crist\u00e3os, prega\u00e7\u00e3o dos ap\u00f3stolos, seguran\u00e7a do universo, fundamento da Igreja, fonte para os que t\u00eam sede. Em &hellip; <a href=\"http:\/\/www.paroquiadoscanhas.pt\/?p=8946\">Continue reading <span class=\"meta-nav\">&rarr;<\/span><\/a><\/p>\n","protected":false},"author":1,"featured_media":0,"comment_status":"closed","ping_status":"open","sticky":true,"template":"","format":"aside","meta":{"footnotes":""},"categories":[1],"tags":[],"class_list":["post-8946","post","type-post","status-publish","format-aside","hentry","category-sem-categoria","post_format-post-format-aside"],"_links":{"self":[{"href":"http:\/\/www.paroquiadoscanhas.pt\/index.php?rest_route=\/wp\/v2\/posts\/8946","targetHints":{"allow":["GET"]}}],"collection":[{"href":"http:\/\/www.paroquiadoscanhas.pt\/index.php?rest_route=\/wp\/v2\/posts"}],"about":[{"href":"http:\/\/www.paroquiadoscanhas.pt\/index.php?rest_route=\/wp\/v2\/types\/post"}],"author":[{"embeddable":true,"href":"http:\/\/www.paroquiadoscanhas.pt\/index.php?rest_route=\/wp\/v2\/users\/1"}],"replies":[{"embeddable":true,"href":"http:\/\/www.paroquiadoscanhas.pt\/index.php?rest_route=%2Fwp%2Fv2%2Fcomments&post=8946"}],"version-history":[{"count":3,"href":"http:\/\/www.paroquiadoscanhas.pt\/index.php?rest_route=\/wp\/v2\/posts\/8946\/revisions"}],"predecessor-version":[{"id":8949,"href":"http:\/\/www.paroquiadoscanhas.pt\/index.php?rest_route=\/wp\/v2\/posts\/8946\/revisions\/8949"}],"wp:attachment":[{"href":"http:\/\/www.paroquiadoscanhas.pt\/index.php?rest_route=%2Fwp%2Fv2%2Fmedia&parent=8946"}],"wp:term":[{"taxonomy":"category","embeddable":true,"href":"http:\/\/www.paroquiadoscanhas.pt\/index.php?rest_route=%2Fwp%2Fv2%2Fcategories&post=8946"},{"taxonomy":"post_tag","embeddable":true,"href":"http:\/\/www.paroquiadoscanhas.pt\/index.php?rest_route=%2Fwp%2Fv2%2Ftags&post=8946"}],"curies":[{"name":"wp","href":"https:\/\/api.w.org\/{rel}","templated":true}]}}