{"id":8928,"date":"2015-02-28T21:00:10","date_gmt":"2015-02-28T21:00:10","guid":{"rendered":"http:\/\/www.paroquiadoscanhas.pt\/?p=8928"},"modified":"2015-02-28T21:00:10","modified_gmt":"2015-02-28T21:00:10","slug":"reflexao-das-leituras-50","status":"publish","type":"post","link":"http:\/\/www.paroquiadoscanhas.pt\/?p=8928","title":{"rendered":"Reflex\u00e3o das leituras"},"content":{"rendered":"<p style=\"text-align: center;\"><strong>II Domingo da Quaresma \u2013 01 de Mar\u00e7o\u00a0\u00a0\u00a0\u00a0\u00a0\u00a0\u00a0\u00a0\u00a0\u00a0\u00a0\u00a0<\/strong><\/p>\n<p style=\"text-align: center;\"><strong>Reflex\u00e3o das leituras: <\/strong>1\u00aa Leitura (Gen 22, 1-2); 2\u00aa Leit. (Rom 8, 31b); Evangelho (Mc 9, 2-10)<\/p>\n<p style=\"text-align: justify;\"><strong>A F\u00e9, em prova de qualidade, a transfigura\u00e7\u00e3o, pr\u00e9-an\u00fancio pascal. <\/strong><\/p>\n<p style=\"text-align: justify;\">O relato duma aut\u00eantica epifania do Messias, oculto e manifesto em Jesus.<\/p>\n<p style=\"text-align: justify;\">A lei e os profetas, representados em Mois\u00e9s e Elias. A uni\u00e3o da teologia da Cruz, com o Kerigma da Ressurrei\u00e7\u00e3o.<\/p>\n<p style=\"text-align: justify;\"><strong>Abra\u00e3o \u00e9 posto \u00e0 prova. <\/strong><\/p>\n<p style=\"text-align: justify;\">A suprema prova de f\u00e9: O sacrif\u00edcio da vida do seu filho. Isaac, s\u00edmbolo tipol\u00f3gico de Cristo, subindo ao calv\u00e1rio.<\/p>\n<p style=\"text-align: justify;\"><strong>A F\u00e9 \u00e9 uma prova de qualidade e uma garantia de seguran\u00e7a. <\/strong>As provas do crist\u00e3o t\u00eam como molde as provas de Jesus e de Abra\u00e3o.<\/p>\n<p style=\"text-align: justify;\">A prova de qualidade \u00e9 lei universal em todos os controlos de produ\u00e7\u00e3o. As provas de qualidade a que Deus nos sujeita, s\u00e3o por vezes extremas, casos de Jesus, Abra\u00e3o, Job\u2026queremos garantias de seguran\u00e7a.<\/p>\n<p style=\"text-align: right;\">P.P.<\/p>\n","protected":false},"excerpt":{"rendered":"<p>II Domingo da Quaresma \u2013 01 de Mar\u00e7o\u00a0\u00a0\u00a0\u00a0\u00a0\u00a0\u00a0\u00a0\u00a0\u00a0\u00a0\u00a0 Reflex\u00e3o das leituras: 1\u00aa Leitura (Gen 22, 1-2); 2\u00aa Leit. (Rom 8, 31b); Evangelho (Mc 9, 2-10) A F\u00e9, em prova de qualidade, a transfigura\u00e7\u00e3o, pr\u00e9-an\u00fancio pascal. O relato duma aut\u00eantica epifania &hellip; <a href=\"http:\/\/www.paroquiadoscanhas.pt\/?p=8928\">Continue reading <span class=\"meta-nav\">&rarr;<\/span><\/a><\/p>\n","protected":false},"author":1,"featured_media":0,"comment_status":"closed","ping_status":"open","sticky":true,"template":"","format":"aside","meta":{"footnotes":""},"categories":[1],"tags":[],"class_list":["post-8928","post","type-post","status-publish","format-aside","hentry","category-sem-categoria","post_format-post-format-aside"],"_links":{"self":[{"href":"http:\/\/www.paroquiadoscanhas.pt\/index.php?rest_route=\/wp\/v2\/posts\/8928","targetHints":{"allow":["GET"]}}],"collection":[{"href":"http:\/\/www.paroquiadoscanhas.pt\/index.php?rest_route=\/wp\/v2\/posts"}],"about":[{"href":"http:\/\/www.paroquiadoscanhas.pt\/index.php?rest_route=\/wp\/v2\/types\/post"}],"author":[{"embeddable":true,"href":"http:\/\/www.paroquiadoscanhas.pt\/index.php?rest_route=\/wp\/v2\/users\/1"}],"replies":[{"embeddable":true,"href":"http:\/\/www.paroquiadoscanhas.pt\/index.php?rest_route=%2Fwp%2Fv2%2Fcomments&post=8928"}],"version-history":[{"count":1,"href":"http:\/\/www.paroquiadoscanhas.pt\/index.php?rest_route=\/wp\/v2\/posts\/8928\/revisions"}],"predecessor-version":[{"id":8929,"href":"http:\/\/www.paroquiadoscanhas.pt\/index.php?rest_route=\/wp\/v2\/posts\/8928\/revisions\/8929"}],"wp:attachment":[{"href":"http:\/\/www.paroquiadoscanhas.pt\/index.php?rest_route=%2Fwp%2Fv2%2Fmedia&parent=8928"}],"wp:term":[{"taxonomy":"category","embeddable":true,"href":"http:\/\/www.paroquiadoscanhas.pt\/index.php?rest_route=%2Fwp%2Fv2%2Fcategories&post=8928"},{"taxonomy":"post_tag","embeddable":true,"href":"http:\/\/www.paroquiadoscanhas.pt\/index.php?rest_route=%2Fwp%2Fv2%2Ftags&post=8928"}],"curies":[{"name":"wp","href":"https:\/\/api.w.org\/{rel}","templated":true}]}}