{"id":8924,"date":"2015-02-24T06:52:06","date_gmt":"2015-02-24T06:52:06","guid":{"rendered":"http:\/\/www.paroquiadoscanhas.pt\/?p=8924"},"modified":"2015-02-24T21:20:26","modified_gmt":"2015-02-24T21:20:26","slug":"a-oracao","status":"publish","type":"post","link":"http:\/\/www.paroquiadoscanhas.pt\/?p=8924","title":{"rendered":"A ora\u00e7\u00e3o"},"content":{"rendered":"<p><center><b>A ora\u00e7\u00e3o dos filhos de Deus<\/b><\/center><\/p>\n<p dir=\"ltr\" style=\"text-align: justify;\">Para ser fecunda, a ora\u00e7\u00e3o deve vir do cora\u00e7\u00e3o e poder tocar o cora\u00e7\u00e3o de Deus. V\u00ea como Jesus ensinou os Seus disc\u00edpulos a rezar.<\/p>\n<p dir=\"ltr\" style=\"text-align: justify;\">Cada vez que pronunciamos o <strong>\u00abPai Nosso\u00bb<\/strong>, Deus, creio, p\u00f5e o olhar nas Suas pr\u00f3prias m\u00e3os, onde nos gravou: <strong>\u00abEis que Eu gravei a tua imagem na<\/strong> <strong>palma das Minhas m\u00e3os\u00bb<\/strong> (Is 49, 16). Ele contempla as m\u00e3os e v\u00ea-nos nelas, bem aninhados. A bondade de Deus \u00e9 maravilhosa!<\/p>\n<p style=\"text-align: justify;\">Pe\u00e7amos, rezemos o<strong> \u00abPai Nosso\u00bb<\/strong>. Vivamo-lo, e seremos santos. Est\u00e1 tudo nessa ora\u00e7\u00e3o: Deus, eu pr\u00f3prio, o meu pr\u00f3ximo. Se eu perdoar, poderei ser santo, poderei rezar.<\/p>\n<p dir=\"ltr\" style=\"text-align: justify;\">Tudo procede de um cora\u00e7\u00e3o humilde; com tal cora\u00e7\u00e3o, saberemos amar a Deus, amar-nos a n\u00f3s mesmos e amar o nosso pr\u00f3ximo (Mt 22,37ss). N\u00e3o h\u00e1 nada de complicado nisto, e no entanto n\u00f3s complicamos tanto a nossa vida, agravando-a com tantos fardos. S\u00f3 uma coisa conta: ser humilde e rezar. Quanto mais rezardes, melhor rezareis.<\/p>\n<p>As crian\u00e7as n\u00e3o t\u00eam dificuldade alguma em exprimir a sua intelig\u00eancia c\u00e2ndida em termos simples que muito dizem. N\u00e3o disse Jesus a Nicodemos que temos de voltar a ser como crian\u00e7as pequenas (Jo 3,3)?<\/p>\n<p dir=\"ltr\" style=\"text-align: justify;\">Se rezarmos segundo o Evangelho, permitiremos que Cristo cres\u00e7a em n\u00f3s. Reza portanto com amor, \u00e0 maneira das crian\u00e7as, com o desejo ardente de muito amar, e de tornar amado aquele que n\u00e3o o \u00e9.<\/p>\n<p dir=\"ltr\" style=\"text-align: right;\"><strong>Beata Teresa de Calcut\u00e1 (1910-1997), fundadora das Irm\u00e3s Mission\u00e1rias da Caridade <\/strong><br \/>\n<strong> \u00abNo Greater Love\u00bb <\/strong><\/p>\n","protected":false},"excerpt":{"rendered":"<p>A ora\u00e7\u00e3o dos filhos de Deus Para ser fecunda, a ora\u00e7\u00e3o deve vir do cora\u00e7\u00e3o e poder tocar o cora\u00e7\u00e3o de Deus. V\u00ea como Jesus ensinou os Seus disc\u00edpulos a rezar. Cada vez que pronunciamos o \u00abPai Nosso\u00bb, Deus, creio, &hellip; <a href=\"http:\/\/www.paroquiadoscanhas.pt\/?p=8924\">Continue reading <span class=\"meta-nav\">&rarr;<\/span><\/a><\/p>\n","protected":false},"author":1,"featured_media":0,"comment_status":"closed","ping_status":"open","sticky":true,"template":"","format":"aside","meta":{"footnotes":""},"categories":[1],"tags":[],"class_list":["post-8924","post","type-post","status-publish","format-aside","hentry","category-sem-categoria","post_format-post-format-aside"],"_links":{"self":[{"href":"http:\/\/www.paroquiadoscanhas.pt\/index.php?rest_route=\/wp\/v2\/posts\/8924","targetHints":{"allow":["GET"]}}],"collection":[{"href":"http:\/\/www.paroquiadoscanhas.pt\/index.php?rest_route=\/wp\/v2\/posts"}],"about":[{"href":"http:\/\/www.paroquiadoscanhas.pt\/index.php?rest_route=\/wp\/v2\/types\/post"}],"author":[{"embeddable":true,"href":"http:\/\/www.paroquiadoscanhas.pt\/index.php?rest_route=\/wp\/v2\/users\/1"}],"replies":[{"embeddable":true,"href":"http:\/\/www.paroquiadoscanhas.pt\/index.php?rest_route=%2Fwp%2Fv2%2Fcomments&post=8924"}],"version-history":[{"count":3,"href":"http:\/\/www.paroquiadoscanhas.pt\/index.php?rest_route=\/wp\/v2\/posts\/8924\/revisions"}],"predecessor-version":[{"id":8927,"href":"http:\/\/www.paroquiadoscanhas.pt\/index.php?rest_route=\/wp\/v2\/posts\/8924\/revisions\/8927"}],"wp:attachment":[{"href":"http:\/\/www.paroquiadoscanhas.pt\/index.php?rest_route=%2Fwp%2Fv2%2Fmedia&parent=8924"}],"wp:term":[{"taxonomy":"category","embeddable":true,"href":"http:\/\/www.paroquiadoscanhas.pt\/index.php?rest_route=%2Fwp%2Fv2%2Fcategories&post=8924"},{"taxonomy":"post_tag","embeddable":true,"href":"http:\/\/www.paroquiadoscanhas.pt\/index.php?rest_route=%2Fwp%2Fv2%2Ftags&post=8924"}],"curies":[{"name":"wp","href":"https:\/\/api.w.org\/{rel}","templated":true}]}}