{"id":8808,"date":"2014-12-23T07:02:32","date_gmt":"2014-12-23T07:02:32","guid":{"rendered":"http:\/\/www.paroquiadoscanhas.pt\/?p=8808"},"modified":"2014-12-23T07:02:32","modified_gmt":"2014-12-23T07:02:32","slug":"quem-vira","status":"publish","type":"post","link":"http:\/\/www.paroquiadoscanhas.pt\/?p=8808","title":{"rendered":"Quem vir\u00e1"},"content":{"rendered":"<p><strong>\u00abQuem vir\u00e1 a ser este menino?\u00bb<\/strong><\/p>\n<p style=\"text-align: justify;\">Que maravilha! O mensageiro nasce antes daquele que o fez vir ao mundo. Jo\u00e3o \u00e9 realmente a voz e Jesus o Verbo, a Palavra de Deus (cf Mt 3,3; Jo 1,1). A palavra nasce primeiro no esp\u00edrito, e depois suscita a voz que a enuncia; a voz exprime-se pelos l\u00e1bios e d\u00e1 a conhecer a palavra aos que a escutam. Assim, Cristo permaneceu em seu Pai, por quem Jo\u00e3o foi criado, como todas as coisas, mas Jo\u00e3o saiu de uma m\u00e3e e deu Cristo a conhecer a todos os homens.<\/p>\n<p style=\"text-align: justify;\">Este era o Verbo que existia desde o princ\u00edpio, antes que o mundo existisse; Jo\u00e3o foi a voz que precedeu a vinda do Verbo. A palavra nasce do pensamento; a voz sai do sil\u00eancio.<\/p>\n<p style=\"text-align: justify;\">Assim, ao dar \u00e0 luz a Cristo, Maria cr\u00ea, ao passo que Zacarias, antes de gerar Jo\u00e3o, \u00e9 castigado com a mudez. Um sai duma juventude em flor, o outro nasce duma mulher velha, enfraquecida.<\/p>\n<p style=\"text-align: justify;\">A Palavra habita o cora\u00e7\u00e3o daquele que pensa; a voz expira no ouvido daquele que escuta. E talvez seja esse o sentido destas palavras de Jo\u00e3o: <strong>\u00abEle<\/strong> <strong>\u00e9 que deve crescer e eu diminuir\u00bb (Jo 3,30)<\/strong>.<\/p>\n<p style=\"text-align: justify;\">Pois as predi\u00e7\u00f5es da Lei e dos profetas, surgidas antes de Cristo qual voz antes do Verbo, continuaram at\u00e9 Jo\u00e3o, em quem cessam as \u00faltimas prefigura\u00e7\u00f5es. Seguidamente, a gra\u00e7a do Evangelho e o an\u00fancio do Reino dos C\u00e9us que n\u00e3o ter\u00e1 fim d\u00e3o fruto e crescem em toda a terra.<\/p>\n<p style=\"text-align: justify;\"><strong>Santo Agostinho (354-430), bispo de Hipona (Norte de \u00c1frica), doutor da Igreja\u00a0Serm\u00e3o para o nascimento de Jo\u00e3o Baptista;<\/strong><\/p>\n","protected":false},"excerpt":{"rendered":"<p>\u00abQuem vir\u00e1 a ser este menino?\u00bb Que maravilha! O mensageiro nasce antes daquele que o fez vir ao mundo. Jo\u00e3o \u00e9 realmente a voz e Jesus o Verbo, a Palavra de Deus (cf Mt 3,3; Jo 1,1). A palavra nasce &hellip; <a href=\"http:\/\/www.paroquiadoscanhas.pt\/?p=8808\">Continue reading <span class=\"meta-nav\">&rarr;<\/span><\/a><\/p>\n","protected":false},"author":1,"featured_media":0,"comment_status":"closed","ping_status":"open","sticky":true,"template":"","format":"aside","meta":{"footnotes":""},"categories":[1],"tags":[],"class_list":["post-8808","post","type-post","status-publish","format-aside","hentry","category-sem-categoria","post_format-post-format-aside"],"_links":{"self":[{"href":"http:\/\/www.paroquiadoscanhas.pt\/index.php?rest_route=\/wp\/v2\/posts\/8808","targetHints":{"allow":["GET"]}}],"collection":[{"href":"http:\/\/www.paroquiadoscanhas.pt\/index.php?rest_route=\/wp\/v2\/posts"}],"about":[{"href":"http:\/\/www.paroquiadoscanhas.pt\/index.php?rest_route=\/wp\/v2\/types\/post"}],"author":[{"embeddable":true,"href":"http:\/\/www.paroquiadoscanhas.pt\/index.php?rest_route=\/wp\/v2\/users\/1"}],"replies":[{"embeddable":true,"href":"http:\/\/www.paroquiadoscanhas.pt\/index.php?rest_route=%2Fwp%2Fv2%2Fcomments&post=8808"}],"version-history":[{"count":1,"href":"http:\/\/www.paroquiadoscanhas.pt\/index.php?rest_route=\/wp\/v2\/posts\/8808\/revisions"}],"predecessor-version":[{"id":8809,"href":"http:\/\/www.paroquiadoscanhas.pt\/index.php?rest_route=\/wp\/v2\/posts\/8808\/revisions\/8809"}],"wp:attachment":[{"href":"http:\/\/www.paroquiadoscanhas.pt\/index.php?rest_route=%2Fwp%2Fv2%2Fmedia&parent=8808"}],"wp:term":[{"taxonomy":"category","embeddable":true,"href":"http:\/\/www.paroquiadoscanhas.pt\/index.php?rest_route=%2Fwp%2Fv2%2Fcategories&post=8808"},{"taxonomy":"post_tag","embeddable":true,"href":"http:\/\/www.paroquiadoscanhas.pt\/index.php?rest_route=%2Fwp%2Fv2%2Ftags&post=8808"}],"curies":[{"name":"wp","href":"https:\/\/api.w.org\/{rel}","templated":true}]}}