{"id":8771,"date":"2014-12-08T09:30:06","date_gmt":"2014-12-08T09:30:06","guid":{"rendered":"http:\/\/www.paroquiadoscanhas.pt\/?p=8771"},"modified":"2014-12-08T21:24:07","modified_gmt":"2014-12-08T21:24:07","slug":"8771","status":"publish","type":"post","link":"http:\/\/www.paroquiadoscanhas.pt\/?p=8771","title":{"rendered":"Salv\u00e9"},"content":{"rendered":"<p><center style=\"color: #000000;\"><b>\u00abSalve, \u00f3 cheia de gra\u00e7a\u00bb<\/b><\/center><\/p>\n<p style=\"text-align: justify;\">Para vir a ser M\u00e3e do Salvador, Maria <strong>\u00abfoi adornada por Deus com dons dignos de uma t\u00e3o grande miss\u00e3o\u00bb<\/strong> (Vaticano II LG 56).<\/p>\n<p style=\"text-align: justify;\">O anjo Gabriel, no momento da Anuncia\u00e7\u00e3o, sa\u00fada-a como <strong>\u00aba cheia de<\/strong> <strong>gra\u00e7a\u00bb<\/strong>. Efectivamente, para poder dar o assentimento livre da sua f\u00e9 ao an\u00fancio da sua voca\u00e7\u00e3o, era necess\u00e1rio que Ela fosse totalmente movida pela gra\u00e7a de Deus.<\/p>\n<p dir=\"ltr\" style=\"color: #000000; text-align: justify;\">Ao longo dos s\u00e9culos, a Igreja tomou consci\u00eancia de que Maria, <strong>\u00abcumulada<\/strong> <strong>de gra\u00e7a\u00bb<\/strong> por Deus, tinha sido redimida desde a sua concei\u00e7\u00e3o.<\/p>\n<p dir=\"ltr\" style=\"color: #000000; text-align: justify;\"><span style=\"color: #000000;\">\u00c9 o que confessa o dogma da Imaculada Concei\u00e7\u00e3o, proclamado em 1854 pelo Papa Pio IX: <\/span><strong><span style=\"color: #000000;\">\u00abPor uma gra\u00e7a e favor singular de Deus omnipotente e em previs\u00e3o dos m\u00e9ritos de Jesus Cristo, Salvador do g\u00e9nero humano, a bem-aventurada Virgem Maria foi preservada intacta de toda a mancha do pecado original no primeiro instante da sua\u00a0<\/span>Concei\u00e7\u00e3o<span style=\"color: #000000;\">.\u00bb\u00a0<\/span><\/strong><\/p>\n<p style=\"text-align: justify;\"><span style=\"color: #000000;\">Este esplendor de uma <strong>\u00absantidade de todo singular\u00bb<\/strong>, com que foi <strong>\u00abenriquecida desde o primeiro instante da sua\u00a0<\/strong><\/span><strong>Concei\u00e7\u00e3o<\/strong><span style=\"color: #000000;\"><strong>\u00bb<\/strong> (LG 56), vem-lhe\u00a0totalmente de Cristo: foi <strong>\u00abremida dum modo mais sublime, em aten\u00e7\u00e3o aos m\u00e9ritos de seu Filho\u00bb<\/strong> (LG 53). <\/span><\/p>\n<p dir=\"ltr\" style=\"color: #000000; text-align: justify;\"><span style=\"color: #000000;\">Mais que toda e qualquer outra pessoa criada, o Pai a <strong>\u00abencheu de toda a<\/strong> <strong>esp\u00e9cie de b\u00ean\u00e7\u00e3os espirituais, nos c\u00e9us, em Cristo\u00bb<\/strong> (Ef 1, 3). <strong>\u00abNele a escolheu antes da cria\u00e7\u00e3o do mundo, para ser, na caridade, santa e irrepreens\u00edvel na sua presen\u00e7a\u00bb<\/strong> (Ef 1, 4).\u00a0<\/span><\/p>\n<p style=\"text-align: justify;\"><span style=\"color: #000000;\">Os Padres da tradi\u00e7\u00e3o oriental chamam \u00e0 M\u00e3e de Deus <strong>\u00aba toda santa\u00bb<\/strong> (\u00abPanaghia\u00bb), celebram-na como <strong>\u00abisenta de toda a mancha de pecado, visto que o pr\u00f3prio Esp\u00edrito Santo a modelou e dela fez uma nova criatura\u00bb<\/strong>. <\/span><\/p>\n<p dir=\"ltr\" style=\"color: #000000; text-align: justify;\"><span style=\"color: #000000;\">Pela gra\u00e7a de Deus, Maria manteve-se pura de todo o pecado pessoal ao longo de toda a vida.<\/span><\/p>\n<p style=\"text-align: right;\"><strong><span style=\"color: #000000;\">Catecismo da Igreja Cat\u00f3lica\u00a0<\/span><\/strong><br style=\"color: #000000;\" \/><strong><span style=\"color: #000000;\">\u00a7\u00a7 490-493\u00a0<\/span><\/strong><\/p>\n","protected":false},"excerpt":{"rendered":"<p>\u00abSalve, \u00f3 cheia de gra\u00e7a\u00bb Para vir a ser M\u00e3e do Salvador, Maria \u00abfoi adornada por Deus com dons dignos de uma t\u00e3o grande miss\u00e3o\u00bb (Vaticano II LG 56). O anjo Gabriel, no momento da Anuncia\u00e7\u00e3o, sa\u00fada-a como \u00aba cheia &hellip; <a href=\"http:\/\/www.paroquiadoscanhas.pt\/?p=8771\">Continue reading <span class=\"meta-nav\">&rarr;<\/span><\/a><\/p>\n","protected":false},"author":1,"featured_media":0,"comment_status":"closed","ping_status":"open","sticky":true,"template":"","format":"aside","meta":{"footnotes":""},"categories":[1],"tags":[],"class_list":["post-8771","post","type-post","status-publish","format-aside","hentry","category-sem-categoria","post_format-post-format-aside"],"_links":{"self":[{"href":"http:\/\/www.paroquiadoscanhas.pt\/index.php?rest_route=\/wp\/v2\/posts\/8771","targetHints":{"allow":["GET"]}}],"collection":[{"href":"http:\/\/www.paroquiadoscanhas.pt\/index.php?rest_route=\/wp\/v2\/posts"}],"about":[{"href":"http:\/\/www.paroquiadoscanhas.pt\/index.php?rest_route=\/wp\/v2\/types\/post"}],"author":[{"embeddable":true,"href":"http:\/\/www.paroquiadoscanhas.pt\/index.php?rest_route=\/wp\/v2\/users\/1"}],"replies":[{"embeddable":true,"href":"http:\/\/www.paroquiadoscanhas.pt\/index.php?rest_route=%2Fwp%2Fv2%2Fcomments&post=8771"}],"version-history":[{"count":5,"href":"http:\/\/www.paroquiadoscanhas.pt\/index.php?rest_route=\/wp\/v2\/posts\/8771\/revisions"}],"predecessor-version":[{"id":8784,"href":"http:\/\/www.paroquiadoscanhas.pt\/index.php?rest_route=\/wp\/v2\/posts\/8771\/revisions\/8784"}],"wp:attachment":[{"href":"http:\/\/www.paroquiadoscanhas.pt\/index.php?rest_route=%2Fwp%2Fv2%2Fmedia&parent=8771"}],"wp:term":[{"taxonomy":"category","embeddable":true,"href":"http:\/\/www.paroquiadoscanhas.pt\/index.php?rest_route=%2Fwp%2Fv2%2Fcategories&post=8771"},{"taxonomy":"post_tag","embeddable":true,"href":"http:\/\/www.paroquiadoscanhas.pt\/index.php?rest_route=%2Fwp%2Fv2%2Ftags&post=8771"}],"curies":[{"name":"wp","href":"https:\/\/api.w.org\/{rel}","templated":true}]}}