{"id":8765,"date":"2014-12-06T19:51:21","date_gmt":"2014-12-06T19:51:21","guid":{"rendered":"http:\/\/www.paroquiadoscanhas.pt\/?p=8765"},"modified":"2014-12-06T19:57:35","modified_gmt":"2014-12-06T19:57:35","slug":"reflexao-das-leituras-43","status":"publish","type":"post","link":"http:\/\/www.paroquiadoscanhas.pt\/?p=8765","title":{"rendered":"Reflex\u00e3o das leituras"},"content":{"rendered":"<p style=\"text-align: center;\"><strong>II Domingo Advento \u2013 07 de Dezembro<\/strong><\/p>\n<p style=\"text-align: center;\">\u00a0\u00a0 <strong>Reflex\u00e3o das leituras<\/strong><\/p>\n<p style=\"text-align: center;\">1\u00aa Leitura (Is 40, 1-5); 2\u00aa Leit. (2 Pedro 3, 8-14); Evangelho ( Mc 1, 1-8)<\/p>\n<p style=\"text-align: justify;\"><strong>O Advento do Homem Novo. <\/strong><\/p>\n<p style=\"text-align: justify;\"><strong>Preparai o caminho do Senhor. <\/strong><\/p>\n<p style=\"text-align: justify;\">Come\u00e7a o Evangelho de Jesus Cristo, Filho de Deus. A miss\u00e3o de Jo\u00e3o Baptista, o baptismo de Jo\u00e3o \u00e9 em ordem \u00e0 convers\u00e3o.<\/p>\n<p style=\"text-align: justify;\"><strong>\u00c0 espera de um novo C\u00e9u e uma nova Terra onde habita a justi\u00e7a. <\/strong><\/p>\n<p style=\"text-align: justify;\">O porqu\u00ea do atraso da vinda do Senhor: o tempo de Deus n\u00e3o se mede pelas nossas categorias, se o Senhor retarda a Sua vinda, \u00e9 porque tem paci\u00eancia com os homens.<\/p>\n<p style=\"text-align: justify;\">O Advento ensina-nos a preparar a vinda do Senhor. <strong>O Advento do homem novo e do mundo novo. <\/strong><\/p>\n<p style=\"text-align: justify;\">\u00c9 urgente a convers\u00e3o pessoal para se conseguir a convers\u00e3o social. Nada de verdadeiramente humano pode construir-se \u00e0 margem de Deus.<\/p>\n<p style=\"text-align: justify;\">Os crist\u00e3os que o s\u00e3o verdadeiramente, vivem no mundo o advento da esperan\u00e7a que os projecta para a p\u00e1tria definitiva.<\/p>\n<p style=\"text-align: right;\">P.P.<\/p>\n","protected":false},"excerpt":{"rendered":"<p>II Domingo Advento \u2013 07 de Dezembro \u00a0\u00a0 Reflex\u00e3o das leituras 1\u00aa Leitura (Is 40, 1-5); 2\u00aa Leit. (2 Pedro 3, 8-14); Evangelho ( Mc 1, 1-8) O Advento do Homem Novo. Preparai o caminho do Senhor. Come\u00e7a o Evangelho &hellip; <a href=\"http:\/\/www.paroquiadoscanhas.pt\/?p=8765\">Continue reading <span class=\"meta-nav\">&rarr;<\/span><\/a><\/p>\n","protected":false},"author":1,"featured_media":0,"comment_status":"closed","ping_status":"open","sticky":true,"template":"","format":"aside","meta":{"footnotes":""},"categories":[1],"tags":[],"class_list":["post-8765","post","type-post","status-publish","format-aside","hentry","category-sem-categoria","post_format-post-format-aside"],"_links":{"self":[{"href":"http:\/\/www.paroquiadoscanhas.pt\/index.php?rest_route=\/wp\/v2\/posts\/8765","targetHints":{"allow":["GET"]}}],"collection":[{"href":"http:\/\/www.paroquiadoscanhas.pt\/index.php?rest_route=\/wp\/v2\/posts"}],"about":[{"href":"http:\/\/www.paroquiadoscanhas.pt\/index.php?rest_route=\/wp\/v2\/types\/post"}],"author":[{"embeddable":true,"href":"http:\/\/www.paroquiadoscanhas.pt\/index.php?rest_route=\/wp\/v2\/users\/1"}],"replies":[{"embeddable":true,"href":"http:\/\/www.paroquiadoscanhas.pt\/index.php?rest_route=%2Fwp%2Fv2%2Fcomments&post=8765"}],"version-history":[{"count":4,"href":"http:\/\/www.paroquiadoscanhas.pt\/index.php?rest_route=\/wp\/v2\/posts\/8765\/revisions"}],"predecessor-version":[{"id":8769,"href":"http:\/\/www.paroquiadoscanhas.pt\/index.php?rest_route=\/wp\/v2\/posts\/8765\/revisions\/8769"}],"wp:attachment":[{"href":"http:\/\/www.paroquiadoscanhas.pt\/index.php?rest_route=%2Fwp%2Fv2%2Fmedia&parent=8765"}],"wp:term":[{"taxonomy":"category","embeddable":true,"href":"http:\/\/www.paroquiadoscanhas.pt\/index.php?rest_route=%2Fwp%2Fv2%2Fcategories&post=8765"},{"taxonomy":"post_tag","embeddable":true,"href":"http:\/\/www.paroquiadoscanhas.pt\/index.php?rest_route=%2Fwp%2Fv2%2Ftags&post=8765"}],"curies":[{"name":"wp","href":"https:\/\/api.w.org\/{rel}","templated":true}]}}