{"id":8558,"date":"2014-09-06T08:03:04","date_gmt":"2014-09-06T08:03:04","guid":{"rendered":"http:\/\/www.paroquiadoscanhas.pt\/?p=8558"},"modified":"2014-09-06T08:18:14","modified_gmt":"2014-09-06T08:18:14","slug":"8558","status":"publish","type":"post","link":"http:\/\/www.paroquiadoscanhas.pt\/?p=8558","title":{"rendered":"O Filho do Homem"},"content":{"rendered":"<p><center><b>\u00abO Filho do Homem \u00e9 Senhor do s\u00e1bado\u00bb<\/b><\/center><\/p>\n<p dir=\"ltr\" style=\"text-align: justify;\"><strong>\u00abPor tradi\u00e7\u00e3o apost\u00f3lica que remonta ao pr\u00f3prio dia da ressurrei\u00e7\u00e3o de Cristo, a Igreja celebra o mist\u00e9rio pascal todos os oito dias, no dia que se denomina, com toda a propriedade, dia do Senhor ou Domingo\u00bb<\/strong> (Vat II, SC 106).<\/p>\n<p dir=\"ltr\" style=\"text-align: justify;\">O dia da ressurrei\u00e7\u00e3o de Cristo \u00e9, ao mesmo tempo, o <strong>\u00abprimeiro dia da<\/strong> <strong>semana\u00bb<\/strong> (Jo 20,1), memorial do primeiro dia da cria\u00e7\u00e3o, e o \u00aboitavo dia\u00bb em que Cristo, ap\u00f3s o seu <strong>\u00abrepouso\u00bb<\/strong> do grande s\u00e1bado, inaugura o \u00abdia que o Senhor fez\u00bb, o <strong>\u00abdia que n\u00e3o conhece ocaso\u00bb<\/strong> (Sl 117, liturgia bizantina).<\/p>\n<p dir=\"ltr\" style=\"text-align: justify;\">A <strong>\u00abCeia do Senhor\u00bb<\/strong> (1Cor 11,20) \u00e9 o seu centro, porque \u00e9 nela que toda a comunidade dos fi\u00e9is encontra o Senhor ressuscitado, que os convida para o seu banquete (Jo 21,12; Lc 24,30).<\/p>\n<p style=\"text-align: justify;\"><strong>\u00abO dia do Senhor, o dia da ressurrei\u00e7\u00e3o, o dia dos crist\u00e3os, \u00e9 o nosso dia. Chama-se dia do Senhor por isso mesmo: porque foi nesse dia que o Senhor subiu vitorioso para junto do Pai. Se os pag\u00e3os lhe chamam dia do Sol, tamb\u00e9m n\u00f3s de bom grado o confessamos: porque hoje se ergueu a luz do mundo, hoje apareceu o sol da justi\u00e7a, cujos raios nos trazem a salva\u00e7\u00e3o\u00bb<\/strong> (S\u00e3o Jer\u00f3nimo; Mal 3,20).<\/p>\n<p style=\"text-align: justify;\">O Domingo \u00e9 o dia por excel\u00eancia da assembleia lit\u00fargica, em que os fi\u00e9is se re\u00fanem \u00abpara, ouvindo a Palavra de Deus e participando na Eucaristia, fazerem mem\u00f3ria da paix\u00e3o, ressurrei\u00e7\u00e3o e gl\u00f3ria do Senhor Jesus, e darem gra\u00e7as a Deus, que os<strong> &#8220;regenerou para uma esperan\u00e7a viva pela ressurrei\u00e7\u00e3o de Jesus Cristo de entre os mortos&#8221;\u00bb<\/strong> (SC 106; 1Ped 1,3).<\/p>\n<p dir=\"ltr\" style=\"text-align: justify;\"><strong>\u00abQuando meditamos, \u00f3 Cristo, nas maravilhas que tiveram lugar neste dia de domingo da tua santa ressurrei\u00e7\u00e3o, dizemos: Bendito o dia de Domingo, porque nele teve in\u00edcio a cria\u00e7\u00e3o, a salva\u00e7\u00e3o do mundo, a renova\u00e7\u00e3o do g\u00e9nero humano. Foi nesse dia que o c\u00e9u e a terra se congratularam. Bendito o dia de Domingo, porque nele foram abertas as portas do para\u00edso, para que Ad\u00e3o e todos os proscritos nele entrassem sem temor\u00bb<\/strong> (liturgia sir\u00edaca de Antioquia).<\/p>\n<p dir=\"ltr\" style=\"text-align: right;\"><span style=\"font-family: Verdana; color: #000000; font-size: small;\"><strong>Catecismo da Igreja Cat\u00f3lica <\/strong><br \/>\n<strong> \u00a7\u00a71166-1167<\/strong> <\/span><\/p>\n","protected":false},"excerpt":{"rendered":"<p>\u00abO Filho do Homem \u00e9 Senhor do s\u00e1bado\u00bb \u00abPor tradi\u00e7\u00e3o apost\u00f3lica que remonta ao pr\u00f3prio dia da ressurrei\u00e7\u00e3o de Cristo, a Igreja celebra o mist\u00e9rio pascal todos os oito dias, no dia que se denomina, com toda a propriedade, dia &hellip; <a href=\"http:\/\/www.paroquiadoscanhas.pt\/?p=8558\">Continue reading <span class=\"meta-nav\">&rarr;<\/span><\/a><\/p>\n","protected":false},"author":1,"featured_media":0,"comment_status":"closed","ping_status":"open","sticky":true,"template":"","format":"aside","meta":{"footnotes":""},"categories":[1],"tags":[],"class_list":["post-8558","post","type-post","status-publish","format-aside","hentry","category-sem-categoria","post_format-post-format-aside"],"_links":{"self":[{"href":"http:\/\/www.paroquiadoscanhas.pt\/index.php?rest_route=\/wp\/v2\/posts\/8558","targetHints":{"allow":["GET"]}}],"collection":[{"href":"http:\/\/www.paroquiadoscanhas.pt\/index.php?rest_route=\/wp\/v2\/posts"}],"about":[{"href":"http:\/\/www.paroquiadoscanhas.pt\/index.php?rest_route=\/wp\/v2\/types\/post"}],"author":[{"embeddable":true,"href":"http:\/\/www.paroquiadoscanhas.pt\/index.php?rest_route=\/wp\/v2\/users\/1"}],"replies":[{"embeddable":true,"href":"http:\/\/www.paroquiadoscanhas.pt\/index.php?rest_route=%2Fwp%2Fv2%2Fcomments&post=8558"}],"version-history":[{"count":4,"href":"http:\/\/www.paroquiadoscanhas.pt\/index.php?rest_route=\/wp\/v2\/posts\/8558\/revisions"}],"predecessor-version":[{"id":8562,"href":"http:\/\/www.paroquiadoscanhas.pt\/index.php?rest_route=\/wp\/v2\/posts\/8558\/revisions\/8562"}],"wp:attachment":[{"href":"http:\/\/www.paroquiadoscanhas.pt\/index.php?rest_route=%2Fwp%2Fv2%2Fmedia&parent=8558"}],"wp:term":[{"taxonomy":"category","embeddable":true,"href":"http:\/\/www.paroquiadoscanhas.pt\/index.php?rest_route=%2Fwp%2Fv2%2Fcategories&post=8558"},{"taxonomy":"post_tag","embeddable":true,"href":"http:\/\/www.paroquiadoscanhas.pt\/index.php?rest_route=%2Fwp%2Fv2%2Ftags&post=8558"}],"curies":[{"name":"wp","href":"https:\/\/api.w.org\/{rel}","templated":true}]}}