{"id":8438,"date":"2014-08-13T07:24:46","date_gmt":"2014-08-13T07:24:46","guid":{"rendered":"http:\/\/www.paroquiadoscanhas.pt\/?p=8438"},"modified":"2014-08-13T07:25:43","modified_gmt":"2014-08-13T07:25:43","slug":"tudo-o-que-ligardes","status":"publish","type":"post","link":"http:\/\/www.paroquiadoscanhas.pt\/?p=8438","title":{"rendered":"Tudo o que ligardes"},"content":{"rendered":"<p style=\"text-align: center;\"><b>\u00abTudo o que ligardes na Terra ser\u00e1 ligado no C\u00e9u\u00bb<\/b><\/p>\n<p dir=\"ltr\" style=\"text-align: justify;\">Ao tornar os Ap\u00f3stolos participantes do seu pr\u00f3prio poder de perdoar os pecados, o Senhor d\u00e1-lhes tamb\u00e9m autoridade para reconciliar os pecadores com a Igreja.<\/p>\n<p dir=\"ltr\" style=\"text-align: justify;\">Esta dimens\u00e3o eclesial do seu minist\u00e9rio exprime-se, nomeadamente, na palavra solene de Cristo a Sim\u00e3o Pedro: <strong>\u00abDar-te-ei as chaves do Reino dos c\u00e9us; tudo o que ligares na terra ficar\u00e1 ligado nos c\u00e9us, e tudo o que<\/strong> <strong>desligares na terra ficar\u00e1 desligado nos c\u00e9us\u00bb<\/strong> (Mt 16,19).<\/p>\n<p dir=\"ltr\" style=\"text-align: justify;\"><strong>\u00abEste mesmo encargo de ligar e desligar, conferido a Pedro, foi tamb\u00e9m atribu\u00eddo ao col\u00e9gio dos Ap\u00f3stolos unidos \u00e0 sua cabe\u00e7a (Mt 18,18; 28,16-20)\u00bb<\/strong> (Vat II, LG22).<\/p>\n<p dir=\"ltr\" style=\"text-align: justify;\">A f\u00f3rmula de absolvi\u00e7\u00e3o em uso na Igreja latina exprime os elementos essenciais deste sacramento: o Pai das miseric\u00f3rdias \u00e9 a fonte de todo o perd\u00e3o. Ele realiza a reconcilia\u00e7\u00e3o dos pecadores pela P\u00e1scoa do seu Filho e pelo dom do seu Esp\u00edrito, atrav\u00e9s da ora\u00e7\u00e3o e do minist\u00e9rio da Igreja:<strong> \u00abDeus, Pai de miseric\u00f3rdia, que, pela morte e ressurrei\u00e7\u00e3o de seu Filho, reconciliou o mundo consigo e enviou o Esp\u00edrito Santo para a remiss\u00e3o dos pecados, te conceda, pelo minist\u00e9rio da Igreja, o perd\u00e3o e a paz. E Eu te absolvo dos teus pecados em nome do Pai, e do Filho e do Esp\u00edrito Santo.\u00bb <\/strong><\/p>\n<p>Cristo age em cada um dos sacramentos. Ele dirige-Se pessoalmente a cada um dos pecadores: <strong>\u00abMeu filho, os teus pecados s\u00e3o-te perdoados\u00bb<\/strong> (Mc 2,5);<\/p>\n<p dir=\"ltr\" style=\"text-align: justify;\">Ele \u00e9 o m\u00e9dico que Se inclina sobre cada um dos doentes com necessidade dele para os curar (cf Mc 2,17): alivia-os e reintegra-os na comunh\u00e3o fraterna.<\/p>\n<p dir=\"ltr\" style=\"text-align: justify;\">A confiss\u00e3o pessoal \u00e9, pois, a forma mais significativa da reconcilia\u00e7\u00e3o com Deus e com a Igreja.<\/p>\n<p dir=\"ltr\" style=\"text-align: right;\"><strong><span style=\"font-family: Verdana; color: #000000; font-size: small;\">Catecismo da Igreja Cat\u00f3lica<br \/>\n\u00a7\u00a7 1444, 1449, 1484<br \/>\n<\/span><\/strong><\/p>\n","protected":false},"excerpt":{"rendered":"<p>\u00abTudo o que ligardes na Terra ser\u00e1 ligado no C\u00e9u\u00bb Ao tornar os Ap\u00f3stolos participantes do seu pr\u00f3prio poder de perdoar os pecados, o Senhor d\u00e1-lhes tamb\u00e9m autoridade para reconciliar os pecadores com a Igreja. Esta dimens\u00e3o eclesial do seu &hellip; <a href=\"http:\/\/www.paroquiadoscanhas.pt\/?p=8438\">Continue reading <span class=\"meta-nav\">&rarr;<\/span><\/a><\/p>\n","protected":false},"author":1,"featured_media":0,"comment_status":"closed","ping_status":"open","sticky":true,"template":"","format":"aside","meta":{"footnotes":""},"categories":[1],"tags":[],"class_list":["post-8438","post","type-post","status-publish","format-aside","hentry","category-sem-categoria","post_format-post-format-aside"],"_links":{"self":[{"href":"http:\/\/www.paroquiadoscanhas.pt\/index.php?rest_route=\/wp\/v2\/posts\/8438","targetHints":{"allow":["GET"]}}],"collection":[{"href":"http:\/\/www.paroquiadoscanhas.pt\/index.php?rest_route=\/wp\/v2\/posts"}],"about":[{"href":"http:\/\/www.paroquiadoscanhas.pt\/index.php?rest_route=\/wp\/v2\/types\/post"}],"author":[{"embeddable":true,"href":"http:\/\/www.paroquiadoscanhas.pt\/index.php?rest_route=\/wp\/v2\/users\/1"}],"replies":[{"embeddable":true,"href":"http:\/\/www.paroquiadoscanhas.pt\/index.php?rest_route=%2Fwp%2Fv2%2Fcomments&post=8438"}],"version-history":[{"count":3,"href":"http:\/\/www.paroquiadoscanhas.pt\/index.php?rest_route=\/wp\/v2\/posts\/8438\/revisions"}],"predecessor-version":[{"id":8441,"href":"http:\/\/www.paroquiadoscanhas.pt\/index.php?rest_route=\/wp\/v2\/posts\/8438\/revisions\/8441"}],"wp:attachment":[{"href":"http:\/\/www.paroquiadoscanhas.pt\/index.php?rest_route=%2Fwp%2Fv2%2Fmedia&parent=8438"}],"wp:term":[{"taxonomy":"category","embeddable":true,"href":"http:\/\/www.paroquiadoscanhas.pt\/index.php?rest_route=%2Fwp%2Fv2%2Fcategories&post=8438"},{"taxonomy":"post_tag","embeddable":true,"href":"http:\/\/www.paroquiadoscanhas.pt\/index.php?rest_route=%2Fwp%2Fv2%2Ftags&post=8438"}],"curies":[{"name":"wp","href":"https:\/\/api.w.org\/{rel}","templated":true}]}}