{"id":8117,"date":"2014-07-13T06:49:39","date_gmt":"2014-07-13T06:49:39","guid":{"rendered":"http:\/\/www.paroquiadoscanhas.pt\/?p=8117"},"modified":"2014-07-13T06:49:54","modified_gmt":"2014-07-13T06:49:54","slug":"8117","status":"publish","type":"post","link":"http:\/\/www.paroquiadoscanhas.pt\/?p=8117","title":{"rendered":"Aquele que"},"content":{"rendered":"<p style=\"text-align: center;\"><b>\u00abAquele que recebeu a semente em boa terra \u00e9 o que ouve a palavra e a compreende: esse d\u00e1 fruto e produz ora cem, ora sessenta, ora trinta.\u00bb<\/b><\/p>\n<p dir=\"ltr\" style=\"text-align: justify;\">Toda a evangeliza\u00e7\u00e3o est\u00e1 fundada sobre esta Palavra escutada, meditada, vivida, celebrada e testemunhada.<\/p>\n<p dir=\"ltr\" style=\"text-align: justify;\">A Sagrada Escritura \u00e9 fonte da evangeliza\u00e7\u00e3o. Por isso, \u00e9 preciso formar-se continuamente na escuta da Palavra.<\/p>\n<p dir=\"ltr\" style=\"text-align: justify;\">A Igreja n\u00e3o evangeliza, se n\u00e3o se deixa continuamente evangelizar. \u00c9 indispens\u00e1vel que a Palavra de Deus <strong>\u00abse torne cada vez mais o cora\u00e7\u00e3o de<\/strong> <strong>toda a atividade eclesial\u00bb<\/strong> [Bento XVI].<\/p>\n<p dir=\"ltr\" style=\"text-align: justify;\">A Palavra de Deus ouvida e celebrada, sobretudo na Eucaristia, alimenta e refor\u00e7a interiormente os crist\u00e3os e torna-os capazes de um aut\u00eantico testemunho evang\u00e9lico na vida di\u00e1ria.<\/p>\n<p dir=\"ltr\" style=\"text-align: justify;\">Super\u00e1mos j\u00e1 a velha contraposi\u00e7\u00e3o entre Palavra e Sacramento: a Palavra proclamada, viva e eficaz, prepara a recep\u00e7\u00e3o do Sacramento e, no Sacramento, essa Palavra alcan\u00e7a a sua m\u00e1xima efic\u00e1cia.<\/p>\n<p>O estudo da Sagrada Escritura deve ser uma porta aberta para todos os crentes.<\/p>\n<p dir=\"ltr\" style=\"text-align: justify;\">\u00c9 fundamental que a Palavra revelada fecunde radicalmente a catequese e todos os esfor\u00e7os para transmitir a f\u00e9.<\/p>\n<p dir=\"ltr\" style=\"text-align: justify;\">A evangeliza\u00e7\u00e3o requer a familiaridade com a Palavra de Deus e isto exige que as dioceses, par\u00f3quias e todos os grupos cat\u00f3licos proponham um estudo s\u00e9rio e perseverante da B\u00edblia e promovam igualmente a sua leitura orante pessoal e comunit\u00e1ria.<\/p>\n<p dir=\"ltr\" style=\"text-align: justify;\">N\u00f3s n\u00e3o procuramos Deus tacteando, nem precisamos de esperar que Ele nos dirija a palavra, porque realmente <strong>\u00abDeus falou, j\u00e1 n\u00e3o \u00e9 o grande<\/strong> <strong>desconhecido, mas mostrou-Se a Si mesmo\u00bb<\/strong> [Bento XVI]. Acolhamos o tesouro sublime da Palavra revelada!<\/p>\n<p dir=\"ltr\" style=\"text-align: right;\"><span style=\"font-family: Verdana; color: #000000; font-size: small;\"><strong>Papa Francisco <\/strong><br \/>\n<strong> Exorta\u00e7\u00e3o apost\u00f3lica Evangelii Gaudium \/ A Alegria do Evangelho \u00a7\u00a7 174-175<\/strong><br \/>\n<\/span><\/p>\n<p>&nbsp;<\/p>\n","protected":false},"excerpt":{"rendered":"<p>\u00abAquele que recebeu a semente em boa terra \u00e9 o que ouve a palavra e a compreende: esse d\u00e1 fruto e produz ora cem, ora sessenta, ora trinta.\u00bb Toda a evangeliza\u00e7\u00e3o est\u00e1 fundada sobre esta Palavra escutada, meditada, vivida, celebrada &hellip; <a href=\"http:\/\/www.paroquiadoscanhas.pt\/?p=8117\">Continue reading <span class=\"meta-nav\">&rarr;<\/span><\/a><\/p>\n","protected":false},"author":1,"featured_media":0,"comment_status":"closed","ping_status":"open","sticky":true,"template":"","format":"aside","meta":{"footnotes":""},"categories":[1],"tags":[],"class_list":["post-8117","post","type-post","status-publish","format-aside","hentry","category-sem-categoria","post_format-post-format-aside"],"_links":{"self":[{"href":"http:\/\/www.paroquiadoscanhas.pt\/index.php?rest_route=\/wp\/v2\/posts\/8117","targetHints":{"allow":["GET"]}}],"collection":[{"href":"http:\/\/www.paroquiadoscanhas.pt\/index.php?rest_route=\/wp\/v2\/posts"}],"about":[{"href":"http:\/\/www.paroquiadoscanhas.pt\/index.php?rest_route=\/wp\/v2\/types\/post"}],"author":[{"embeddable":true,"href":"http:\/\/www.paroquiadoscanhas.pt\/index.php?rest_route=\/wp\/v2\/users\/1"}],"replies":[{"embeddable":true,"href":"http:\/\/www.paroquiadoscanhas.pt\/index.php?rest_route=%2Fwp%2Fv2%2Fcomments&post=8117"}],"version-history":[{"count":2,"href":"http:\/\/www.paroquiadoscanhas.pt\/index.php?rest_route=\/wp\/v2\/posts\/8117\/revisions"}],"predecessor-version":[{"id":8119,"href":"http:\/\/www.paroquiadoscanhas.pt\/index.php?rest_route=\/wp\/v2\/posts\/8117\/revisions\/8119"}],"wp:attachment":[{"href":"http:\/\/www.paroquiadoscanhas.pt\/index.php?rest_route=%2Fwp%2Fv2%2Fmedia&parent=8117"}],"wp:term":[{"taxonomy":"category","embeddable":true,"href":"http:\/\/www.paroquiadoscanhas.pt\/index.php?rest_route=%2Fwp%2Fv2%2Fcategories&post=8117"},{"taxonomy":"post_tag","embeddable":true,"href":"http:\/\/www.paroquiadoscanhas.pt\/index.php?rest_route=%2Fwp%2Fv2%2Ftags&post=8117"}],"curies":[{"name":"wp","href":"https:\/\/api.w.org\/{rel}","templated":true}]}}