{"id":8106,"date":"2014-07-06T08:14:11","date_gmt":"2014-07-06T08:14:11","guid":{"rendered":"http:\/\/www.paroquiadoscanhas.pt\/?p=8106"},"modified":"2014-07-06T08:14:24","modified_gmt":"2014-07-06T08:14:24","slug":"escondeste","status":"publish","type":"post","link":"http:\/\/www.paroquiadoscanhas.pt\/?p=8106","title":{"rendered":"Escondeste"},"content":{"rendered":"<p><center><strong>\u00abEscondeste<\/strong><b> estas verdades aos s\u00e1bios e inteligentes e as revelaste aos pequeninos\u00bb<\/b><\/center><\/p>\n<p dir=\"ltr\" style=\"text-align: justify;\">O facto de que Deus, que \u00e9 todo-poderoso, ter sido capaz de Se abaixar at\u00e9 \u00e0 humildade da condi\u00e7\u00e3o humana \u00e9 uma prova maior do Seu poder do que o aparato e o car\u00e1cter sobrenatural dos milagres.<\/p>\n<p dir=\"ltr\" style=\"text-align: justify;\">Na verdade, quando o poder divino realiza uma ac\u00e7\u00e3o de grandeza sublime, isso \u00e9, de alguma forma, consistente e adequado \u00e0 natureza de Deus. Em contrapartida, que Deus tenha descido at\u00e9 \u00e0 nosso baixeza \u00e9, de alguma forma, a express\u00e3o de um poder superabundante, que n\u00e3o \u00e9 de modo algum limitado pelo que \u00e9 contr\u00e1rio \u00e0 sua natureza.<\/p>\n<p>Nem a extens\u00e3o dos c\u00e9us, nem o brilho das estrelas, nem a ordem do universo, nem a harmonia das coisas criadas revelam t\u00e3o bem o magn\u00edfico poder de Deus como a Sua indulg\u00eancia, que O leva a abaixar-Se at\u00e9 \u00e0 fraqueza da nossa natureza.<\/p>\n<p dir=\"ltr\" style=\"text-align: justify;\">A bondade, a sabedoria, a justi\u00e7a e o poder de Deus revelam-se nos Seus des\u00edgnios a nosso favor: a bondade na vontade de<strong> \u00absalvar o que estava<\/strong> <strong>perdido\u00bb<\/strong> (Lucas 19,10); a sabedoria e a justi\u00e7a, na sua forma de nos salvar; o poder, no facto de que Cristo <strong>\u00abSe tornou semelhante aos homens\u00bb<\/strong> (Fil 2,7-8) e Se conformou com a humildade da nossa natureza.<\/p>\n<p dir=\"ltr\" style=\"text-align: right;\"><strong><span style=\"font-family: Verdana; color: #000000; font-size: small;\">S\u00e3o Greg\u00f3rio de Nissa (c. 335-395), monge, bispo<br \/>\nDiscurso Catequ\u00e9tico, 23-26; SC 453 <\/span><\/strong><\/p>\n<p>&nbsp;<\/p>\n","protected":false},"excerpt":{"rendered":"<p>\u00abEscondeste estas verdades aos s\u00e1bios e inteligentes e as revelaste aos pequeninos\u00bb O facto de que Deus, que \u00e9 todo-poderoso, ter sido capaz de Se abaixar at\u00e9 \u00e0 humildade da condi\u00e7\u00e3o humana \u00e9 uma prova maior do Seu poder do &hellip; <a href=\"http:\/\/www.paroquiadoscanhas.pt\/?p=8106\">Continue reading <span class=\"meta-nav\">&rarr;<\/span><\/a><\/p>\n","protected":false},"author":1,"featured_media":0,"comment_status":"closed","ping_status":"open","sticky":true,"template":"","format":"aside","meta":{"footnotes":""},"categories":[1],"tags":[],"class_list":["post-8106","post","type-post","status-publish","format-aside","hentry","category-sem-categoria","post_format-post-format-aside"],"_links":{"self":[{"href":"http:\/\/www.paroquiadoscanhas.pt\/index.php?rest_route=\/wp\/v2\/posts\/8106","targetHints":{"allow":["GET"]}}],"collection":[{"href":"http:\/\/www.paroquiadoscanhas.pt\/index.php?rest_route=\/wp\/v2\/posts"}],"about":[{"href":"http:\/\/www.paroquiadoscanhas.pt\/index.php?rest_route=\/wp\/v2\/types\/post"}],"author":[{"embeddable":true,"href":"http:\/\/www.paroquiadoscanhas.pt\/index.php?rest_route=\/wp\/v2\/users\/1"}],"replies":[{"embeddable":true,"href":"http:\/\/www.paroquiadoscanhas.pt\/index.php?rest_route=%2Fwp%2Fv2%2Fcomments&post=8106"}],"version-history":[{"count":2,"href":"http:\/\/www.paroquiadoscanhas.pt\/index.php?rest_route=\/wp\/v2\/posts\/8106\/revisions"}],"predecessor-version":[{"id":8108,"href":"http:\/\/www.paroquiadoscanhas.pt\/index.php?rest_route=\/wp\/v2\/posts\/8106\/revisions\/8108"}],"wp:attachment":[{"href":"http:\/\/www.paroquiadoscanhas.pt\/index.php?rest_route=%2Fwp%2Fv2%2Fmedia&parent=8106"}],"wp:term":[{"taxonomy":"category","embeddable":true,"href":"http:\/\/www.paroquiadoscanhas.pt\/index.php?rest_route=%2Fwp%2Fv2%2Fcategories&post=8106"},{"taxonomy":"post_tag","embeddable":true,"href":"http:\/\/www.paroquiadoscanhas.pt\/index.php?rest_route=%2Fwp%2Fv2%2Ftags&post=8106"}],"curies":[{"name":"wp","href":"https:\/\/api.w.org\/{rel}","templated":true}]}}