{"id":8057,"date":"2014-06-28T06:43:00","date_gmt":"2014-06-28T06:43:00","guid":{"rendered":"http:\/\/www.paroquiadoscanhas.pt\/?p=8057"},"modified":"2014-06-28T06:43:18","modified_gmt":"2014-06-28T06:43:18","slug":"8057","status":"publish","type":"post","link":"http:\/\/www.paroquiadoscanhas.pt\/?p=8057","title":{"rendered":"Sua M\u00e3e"},"content":{"rendered":"<p><center><b>\u00abSua m\u00e3e guardava todas estas coisas no seu cora\u00e7\u00e3o\u00bb (Lc 2,51)<\/b><\/center><\/p>\n<p dir=\"ltr\" style=\"text-align: justify;\">No Novo Testamento vemos que a f\u00e9 de Maria, por assim dizer, \u00abatrai\u00bb o dom do Esp\u00edrito Santo. Antes de tudo, na concep\u00e7\u00e3o do Filho de Deus, mist\u00e9rio que o pr\u00f3prio Arcanjo Gabriel assim explica: <strong>\u00abO Esp\u00edrito Santo<\/strong> <strong>vir\u00e1 sobre ti e a for\u00e7a do Alt\u00edssimo estender\u00e1 sobre ti a sua sombra\u00bb<\/strong> (Lc 1,35).<\/p>\n<p dir=\"ltr\" style=\"text-align: justify;\">O cora\u00e7\u00e3o de Maria, em perfeita conson\u00e2ncia com o Filho divino, \u00e9 templo do Esp\u00edrito da verdade (Jo 14,17), onde cada palavra e acontecimento s\u00e3o conservados na f\u00e9, na esperan\u00e7a e na caridade (cf Lc 2,19.51).<\/p>\n<p>Assim, podemos estar certos de que, em todo o arco da vida escondida em Nazar\u00e9, o sant\u00edssimo cora\u00e7\u00e3o de Jesus sempre encontrou no cora\u00e7\u00e3o imaculado da M\u00e3e uma chama ardente de ora\u00e7\u00e3o e de aten\u00e7\u00e3o constante \u00e0 voz do Esp\u00edrito.<\/p>\n<p dir=\"ltr\" style=\"text-align: justify;\">O que aconteceu durante as bodas de Can\u00e1 (Jo 2,1ss) \u00e9 testemunho desta singular sintonia entre M\u00e3e e Filho na busca da vontade de Deus. Numa situa\u00e7\u00e3o cheia de s\u00edmbolos da alian\u00e7a, como o banquete nupcial, a Virgem Maria intercede e provoca, por assim dizer, um sinal de gra\u00e7a superabundante: o<strong> \u00abvinho bom\u00bb<\/strong>, que remete para o mist\u00e9rio do Sangue de Cristo.<\/p>\n<p dir=\"ltr\" style=\"text-align: justify;\">Isto conduz-nos directamente ao Calv\u00e1rio, onde Maria se encontra aos p\u00e9s da cruz juntamente com as outras mulheres e com o ap\u00f3stolo Jo\u00e3o.<\/p>\n<p dir=\"ltr\" style=\"text-align: justify;\">A M\u00e3e e o disc\u00edpulo recolhem espiritualmente o testamento de Jesus: as Suas \u00faltimas palavras e o Seu \u00faltimo suspiro, no qual Ele come\u00e7a a efundir o Esp\u00edrito; e recolhem o brado silencioso do Seu sangue, inteiramente derramado por n\u00f3s (cf Jo 19,25-34).<\/p>\n<p dir=\"ltr\" style=\"text-align: justify;\">Maria sabia de onde provinha aquele sangue: tinha-se formado nela por obra do Esp\u00edrito Santo, e sabia que aquele mesmo poder criador ia ressuscitar Jesus, como Ele tinha prometido.<\/p>\n<p>Assim, a f\u00e9 de Maria apoiou a dos disc\u00edpulos at\u00e9 ao encontro com o Senhor ressuscitado, e continuou a acompanh\u00e1-los tamb\u00e9m depois da Sua Ascens\u00e3o ao c\u00e9u, na expectativa do <strong>\u00abbaptismo no Esp\u00edrito Santo\u00bb<\/strong> (cf Act 1,5).<\/p>\n<p dir=\"ltr\" style=\"text-align: justify;\">Eis porque Maria \u00e9, para todas as gera\u00e7\u00f5es, imagem e modelo da Igreja, que juntamente com o Esp\u00edrito caminha no tempo invocando o retorno glorioso de Cristo: <strong>\u00abVinde, Senhor Jesus\u00bb<\/strong> (cf Ap 22,17.20).<\/p>\n<p dir=\"ltr\" style=\"text-align: right;\"><span style=\"font-family: Verdana; color: #000000; font-size: small;\"><strong>Bento XVI, papa de 2005 a 2013 <\/strong><br \/>\n<strong> Discurso de 30\/05\/2009 (trad. \u00a9 copyright Libreria Editrice Vaticana, rev)<\/strong><br \/>\n<\/span><\/p>\n<p><span style=\"font-family: Verdana; color: #000000; font-size: small;\">\u00a0<\/span><\/p>\n","protected":false},"excerpt":{"rendered":"<p>\u00abSua m\u00e3e guardava todas estas coisas no seu cora\u00e7\u00e3o\u00bb (Lc 2,51) No Novo Testamento vemos que a f\u00e9 de Maria, por assim dizer, \u00abatrai\u00bb o dom do Esp\u00edrito Santo. Antes de tudo, na concep\u00e7\u00e3o do Filho de Deus, mist\u00e9rio que &hellip; <a href=\"http:\/\/www.paroquiadoscanhas.pt\/?p=8057\">Continue reading <span class=\"meta-nav\">&rarr;<\/span><\/a><\/p>\n","protected":false},"author":1,"featured_media":0,"comment_status":"closed","ping_status":"open","sticky":true,"template":"","format":"aside","meta":{"footnotes":""},"categories":[1],"tags":[],"class_list":["post-8057","post","type-post","status-publish","format-aside","hentry","category-sem-categoria","post_format-post-format-aside"],"_links":{"self":[{"href":"http:\/\/www.paroquiadoscanhas.pt\/index.php?rest_route=\/wp\/v2\/posts\/8057","targetHints":{"allow":["GET"]}}],"collection":[{"href":"http:\/\/www.paroquiadoscanhas.pt\/index.php?rest_route=\/wp\/v2\/posts"}],"about":[{"href":"http:\/\/www.paroquiadoscanhas.pt\/index.php?rest_route=\/wp\/v2\/types\/post"}],"author":[{"embeddable":true,"href":"http:\/\/www.paroquiadoscanhas.pt\/index.php?rest_route=\/wp\/v2\/users\/1"}],"replies":[{"embeddable":true,"href":"http:\/\/www.paroquiadoscanhas.pt\/index.php?rest_route=%2Fwp%2Fv2%2Fcomments&post=8057"}],"version-history":[{"count":2,"href":"http:\/\/www.paroquiadoscanhas.pt\/index.php?rest_route=\/wp\/v2\/posts\/8057\/revisions"}],"predecessor-version":[{"id":8059,"href":"http:\/\/www.paroquiadoscanhas.pt\/index.php?rest_route=\/wp\/v2\/posts\/8057\/revisions\/8059"}],"wp:attachment":[{"href":"http:\/\/www.paroquiadoscanhas.pt\/index.php?rest_route=%2Fwp%2Fv2%2Fmedia&parent=8057"}],"wp:term":[{"taxonomy":"category","embeddable":true,"href":"http:\/\/www.paroquiadoscanhas.pt\/index.php?rest_route=%2Fwp%2Fv2%2Fcategories&post=8057"},{"taxonomy":"post_tag","embeddable":true,"href":"http:\/\/www.paroquiadoscanhas.pt\/index.php?rest_route=%2Fwp%2Fv2%2Ftags&post=8057"}],"curies":[{"name":"wp","href":"https:\/\/api.w.org\/{rel}","templated":true}]}}