{"id":6051,"date":"2014-05-11T11:44:43","date_gmt":"2014-05-11T11:44:43","guid":{"rendered":"http:\/\/www.paroquiadoscanhas.pt\/?p=6051"},"modified":"2014-05-11T17:55:01","modified_gmt":"2014-05-11T17:55:01","slug":"6051","status":"publish","type":"post","link":"http:\/\/www.paroquiadoscanhas.pt\/?p=6051","title":{"rendered":"Papa Francisco diz"},"content":{"rendered":"<p style=\"text-align: justify;\">O Papa Francisco assinalou hoje no Vaticano o Dia Mundial de Ora\u00e7\u00e3o pelas Voca\u00e7\u00f5es, com a ordena\u00e7\u00e3o de 13 novos padres, e pediu aos jovens que estejam dispon\u00edveis para seguir o caminho do sacerd\u00f3cio na Igreja.<\/p>\n<p style=\"text-align: justify;\"><strong>\u201cRezemos para que, no nosso tempo, muitos jovens ou\u00e7am a voz do Senhor, que por vezes se arrisca a ser como que sufocada por tantas vozes. Rezemos pelos jovens: talvez aqui na Pra\u00e7a haja algum que sinta a voz do Senhor que o chama ao sacerd\u00f3cio. Rezemos por ele e por todos os jovens que est\u00e3o nessa situa\u00e7\u00e3o\u201d<\/strong>, declarou, perante milhares de peregrinos reunidos na Pra\u00e7a de S\u00e3o Pedro, para a ora\u00e7\u00e3o do \u2018Regina Caeli\u2019.<\/p>\n<p style=\"text-align: justify;\">Francisco afirmou que este chamamento \u00e9, ao mesmo tempo, <strong>\u201centusiasmante e exigente\u201d<\/strong>, precisando de uma<strong> \u201cprofunda amizade com o Senhor\u201d.<\/strong><\/p>\n<p style=\"text-align: justify;\">O encontro de ora\u00e7\u00e3o decorreu depois da Missa a que o Papa presidiu na Bas\u00edlica do Vaticano, com a ordena\u00e7\u00e3o de 13 sacerdotes de v\u00e1rios pa\u00edses, no chamado domingo do Bom Pastor.<\/p>\n<p style=\"text-align: justify;\"><strong>\u201cNeste domingo, rezemos pelos pastores da Igreja, por todos os bispos, incluindo o bispo de Roma [o Papa], e por todos os sacerdotes. Rezemos em particular pelos novos sacerdotes da Diocese de Roma, que ordenei h\u00e1 pouco\u201d<\/strong>, pediu aos peregrinos.<\/p>\n<p style=\"text-align: justify;\">Antes, na Bas\u00edlica de S\u00e3o Pedro, Francisco disse aos padres rec\u00e9m-ordenados a nunca deixarem de ser<strong> \u201cmisericordiosos\u201d<\/strong>, sublinhando a import\u00e2ncia da<strong> \u201ccapacidade de perd\u00e3o\u201d<\/strong>.<\/p>\n<p style=\"text-align: justify;\">Entre os novos sacerdotes contam-se seis italianos, quatro latino-americanos, um paquistan\u00eas, um sul-coreano e um vietnamita.<\/p>\n<p style=\"text-align: justify;\">O Papa disse-lhes que o padre n\u00e3o \u00e9 dono da doutrina, mas algu\u00e9m que tem de ser fiel \u00e0 mesma, e manifestou a sua tristeza por todos os fi\u00e9is que sentiram, na Confiss\u00e3o, que a Igreja lhes fechava<strong> \u201ca porta na cara\u201d.<\/strong><\/p>\n<p style=\"text-align: justify;\">J\u00e1 na ora\u00e7\u00e3o do \u2018Regina Caeli\u2019, Francisco disse que os cat\u00f3licos t\u00eam o direito e o dever de <strong>\u201cimportunar\u201d<\/strong> os seus pastores para que estes ofere\u00e7am a <strong>\u201corienta\u00e7\u00e3o da doutrina e da gra\u00e7a\u201d.<\/strong><\/p>\n<p style=\"text-align: justify;\">O Papa afirmou que Cristo \u00e9 o<strong> \u201cverdadeiro pastor\u201d<\/strong>, que tem com os seus disc\u00edpulos uma <strong>\u201crela\u00e7\u00e3o baseada na ternura, no amor e no conhecimento rec\u00edproco\u201d.<\/strong><\/p>\n<p style=\"text-align: justify;\"><strong>\u201cEscutemos com a mente e o cora\u00e7\u00e3o abertos a sua palavra, para alimentar a nossa f\u00e9, iluminar a nossa consci\u00eancia e seguir os ensinamentos do Evangelho\u201d<\/strong>, acrescentou.<\/p>\n<p style=\"text-align: justify;\">No final da ora\u00e7\u00e3o, Francisco saudou v\u00e1rios grupos de peregrinos, incluindo estudantes de Miranda do Corvo, em Portugal, e associou-se \u00e0 celebra\u00e7\u00e3o do Dia da M\u00e3e, na It\u00e1lia.<\/p>\n<p style=\"text-align: right;\"><strong>Cidade do Vaticano, 11 mai 2014 (Ecclesia)<\/strong><\/p>\n","protected":false},"excerpt":{"rendered":"<p>O Papa Francisco assinalou hoje no Vaticano o Dia Mundial de Ora\u00e7\u00e3o pelas Voca\u00e7\u00f5es, com a ordena\u00e7\u00e3o de 13 novos padres, e pediu aos jovens que estejam dispon\u00edveis para seguir o caminho do sacerd\u00f3cio na Igreja. \u201cRezemos para que, no &hellip; <a href=\"http:\/\/www.paroquiadoscanhas.pt\/?p=6051\">Continue reading <span class=\"meta-nav\">&rarr;<\/span><\/a><\/p>\n","protected":false},"author":1,"featured_media":0,"comment_status":"closed","ping_status":"open","sticky":true,"template":"","format":"aside","meta":{"footnotes":""},"categories":[1],"tags":[],"class_list":["post-6051","post","type-post","status-publish","format-aside","hentry","category-sem-categoria","post_format-post-format-aside"],"_links":{"self":[{"href":"http:\/\/www.paroquiadoscanhas.pt\/index.php?rest_route=\/wp\/v2\/posts\/6051","targetHints":{"allow":["GET"]}}],"collection":[{"href":"http:\/\/www.paroquiadoscanhas.pt\/index.php?rest_route=\/wp\/v2\/posts"}],"about":[{"href":"http:\/\/www.paroquiadoscanhas.pt\/index.php?rest_route=\/wp\/v2\/types\/post"}],"author":[{"embeddable":true,"href":"http:\/\/www.paroquiadoscanhas.pt\/index.php?rest_route=\/wp\/v2\/users\/1"}],"replies":[{"embeddable":true,"href":"http:\/\/www.paroquiadoscanhas.pt\/index.php?rest_route=%2Fwp%2Fv2%2Fcomments&post=6051"}],"version-history":[{"count":6,"href":"http:\/\/www.paroquiadoscanhas.pt\/index.php?rest_route=\/wp\/v2\/posts\/6051\/revisions"}],"predecessor-version":[{"id":6057,"href":"http:\/\/www.paroquiadoscanhas.pt\/index.php?rest_route=\/wp\/v2\/posts\/6051\/revisions\/6057"}],"wp:attachment":[{"href":"http:\/\/www.paroquiadoscanhas.pt\/index.php?rest_route=%2Fwp%2Fv2%2Fmedia&parent=6051"}],"wp:term":[{"taxonomy":"category","embeddable":true,"href":"http:\/\/www.paroquiadoscanhas.pt\/index.php?rest_route=%2Fwp%2Fv2%2Fcategories&post=6051"},{"taxonomy":"post_tag","embeddable":true,"href":"http:\/\/www.paroquiadoscanhas.pt\/index.php?rest_route=%2Fwp%2Fv2%2Ftags&post=6051"}],"curies":[{"name":"wp","href":"https:\/\/api.w.org\/{rel}","templated":true}]}}