{"id":6032,"date":"2014-05-04T07:44:33","date_gmt":"2014-05-04T07:44:33","guid":{"rendered":"http:\/\/www.paroquiadoscanhas.pt\/?p=6032"},"modified":"2014-05-04T07:44:43","modified_gmt":"2014-05-04T07:44:43","slug":"levantando-se-voltaram","status":"publish","type":"post","link":"http:\/\/www.paroquiadoscanhas.pt\/?p=6032","title":{"rendered":"Levantando-se, voltaram"},"content":{"rendered":"<p><center><b>\u00abLevantando-se, voltaram imediatamente para Jerusal\u00e9m\u00bb<\/b><\/center><\/p>\n<p style=\"text-align: justify;\">Os dois disc\u00edpulos de Ema\u00fas, depois de terem reconhecido o Senhor, <strong>\u00abpartiram imediatamente\u00bb<\/strong> (Lc 24,33) para comunicar o que tinham visto e ouvido.<\/p>\n<p style=\"text-align: justify;\">Quando se faz uma verdadeira experi\u00eancia do Ressuscitado, alimentando-se do Seu corpo e do Seu sangue, n\u00e3o se pode reservar para si mesmo a alegria sentida.<\/p>\n<p style=\"text-align: justify;\">O encontro com Cristo, continuamente aprofundado na intimidade eucar\u00edstica, suscita na Igreja e em cada crist\u00e3o a urg\u00eancia de testemunhar e evangelizar.<\/p>\n<p style=\"text-align: justify;\">Quis sublinh\u00e1-lo precisamente, referindo-me \u00e0s palavras de Paulo: <strong>\u00abSempre que comerdes este p\u00e3o e beberdes este c\u00e1lice, anunciais a morte do Senhor at\u00e9 que Ele venha\u00bb<\/strong> (1Cor 11,26).<\/p>\n<p style=\"text-align: justify;\">O Ap\u00f3stolo coloca em estreita inter-rela\u00e7\u00e3o o banquete e o an\u00fancio: entrar em comunh\u00e3o com Cristo no memorial da P\u00e1scoa significa ao mesmo tempo experimentar o dever de fazer-se mission\u00e1rio do acontecimento que esse rito actualiza.<\/p>\n<p style=\"text-align: justify;\">A despedida no final de cada Missa constitui um mandato, que impele o crist\u00e3o para o dever de propaga\u00e7\u00e3o do Evangelho e de anima\u00e7\u00e3o crist\u00e3 da sociedade.<\/p>\n<p dir=\"ltr\" style=\"text-align: justify;\">Para tal miss\u00e3o, a Eucaristia oferece, n\u00e3o apenas a for\u00e7a interior, mas tamb\u00e9m, em determinado sentido, o projecto. Na realidade, aquela \u00e9 um modo de ser que passa de Jesus para o crist\u00e3o e, atrav\u00e9s do seu testemunho, tende a irradiar-se na sociedade e na cultura. Para que isso aconte\u00e7a, \u00e9 necess\u00e1rio que cada fiel assimile, na medita\u00e7\u00e3o pessoal e comunit\u00e1ria, os valores que a Eucaristia exprime.<\/p>\n<p dir=\"ltr\" style=\"text-align: justify;\">Ou seja, ac\u00e7\u00e3o de gra\u00e7as: a Eucaristia induz-nos a um <strong>\u00abobrigado\u00bb<\/strong> perene \u2014 nisto consiste a atitude eucar\u00edstica \u2014 por tudo o que temos e somos; o caminho da solidariedade: o crist\u00e3o, que participa na Eucaristia, dela aprende a tornar-se promotor de comunh\u00e3o, de paz, de solidariedade, em todas as circunst\u00e2ncias da vida; o servi\u00e7o dos \u00faltimos, um compromisso real na edifica\u00e7\u00e3o duma sociedade mais equitativa e fraterna: inclinando-Se para lavar os p\u00e9s dos Seus disc\u00edpulos (Jo 13,1), Jesus explica de forma inequ\u00edvoca o sentido da Eucaristia.<\/p>\n<p dir=\"ltr\" style=\"text-align: right;\"><strong>S\u00e3o Jo\u00e3o Paulo II (1920-2005), papa <\/strong><br \/>\n<strong> Carta apost\u00f3lica \u00abMane nobiscum Domine\u00bb \u00a7\u00a724-28 (trad. copyright Libreria Editrice Vaticana, rev)\u00a0<\/strong><\/p>\n<p>&nbsp;<\/p>\n","protected":false},"excerpt":{"rendered":"<p>\u00abLevantando-se, voltaram imediatamente para Jerusal\u00e9m\u00bb Os dois disc\u00edpulos de Ema\u00fas, depois de terem reconhecido o Senhor, \u00abpartiram imediatamente\u00bb (Lc 24,33) para comunicar o que tinham visto e ouvido. Quando se faz uma verdadeira experi\u00eancia do Ressuscitado, alimentando-se do Seu corpo &hellip; <a href=\"http:\/\/www.paroquiadoscanhas.pt\/?p=6032\">Continue reading <span class=\"meta-nav\">&rarr;<\/span><\/a><\/p>\n","protected":false},"author":1,"featured_media":0,"comment_status":"closed","ping_status":"open","sticky":true,"template":"","format":"aside","meta":{"footnotes":""},"categories":[1],"tags":[],"class_list":["post-6032","post","type-post","status-publish","format-aside","hentry","category-sem-categoria","post_format-post-format-aside"],"_links":{"self":[{"href":"http:\/\/www.paroquiadoscanhas.pt\/index.php?rest_route=\/wp\/v2\/posts\/6032","targetHints":{"allow":["GET"]}}],"collection":[{"href":"http:\/\/www.paroquiadoscanhas.pt\/index.php?rest_route=\/wp\/v2\/posts"}],"about":[{"href":"http:\/\/www.paroquiadoscanhas.pt\/index.php?rest_route=\/wp\/v2\/types\/post"}],"author":[{"embeddable":true,"href":"http:\/\/www.paroquiadoscanhas.pt\/index.php?rest_route=\/wp\/v2\/users\/1"}],"replies":[{"embeddable":true,"href":"http:\/\/www.paroquiadoscanhas.pt\/index.php?rest_route=%2Fwp%2Fv2%2Fcomments&post=6032"}],"version-history":[{"count":1,"href":"http:\/\/www.paroquiadoscanhas.pt\/index.php?rest_route=\/wp\/v2\/posts\/6032\/revisions"}],"predecessor-version":[{"id":6033,"href":"http:\/\/www.paroquiadoscanhas.pt\/index.php?rest_route=\/wp\/v2\/posts\/6032\/revisions\/6033"}],"wp:attachment":[{"href":"http:\/\/www.paroquiadoscanhas.pt\/index.php?rest_route=%2Fwp%2Fv2%2Fmedia&parent=6032"}],"wp:term":[{"taxonomy":"category","embeddable":true,"href":"http:\/\/www.paroquiadoscanhas.pt\/index.php?rest_route=%2Fwp%2Fv2%2Fcategories&post=6032"},{"taxonomy":"post_tag","embeddable":true,"href":"http:\/\/www.paroquiadoscanhas.pt\/index.php?rest_route=%2Fwp%2Fv2%2Ftags&post=6032"}],"curies":[{"name":"wp","href":"https:\/\/api.w.org\/{rel}","templated":true}]}}