{"id":6008,"date":"2014-05-03T07:29:12","date_gmt":"2014-05-03T07:29:12","guid":{"rendered":"http:\/\/www.paroquiadoscanhas.pt\/?p=6008"},"modified":"2014-05-03T08:03:07","modified_gmt":"2014-05-03T08:03:07","slug":"6008","status":"publish","type":"post","link":"http:\/\/www.paroquiadoscanhas.pt\/?p=6008","title":{"rendered":"Ide"},"content":{"rendered":"<p><b>Santos Filipe e Tiago, ap\u00f3stolos enviados a proclamar o Reino de Deus a todo o mundo<\/b><\/p>\n<p dir=\"ltr\" style=\"text-align: justify;\">Ao lermos as Escrituras, fica bem claro que a proposta do Evangelho n\u00e3o consiste s\u00f3 numa rela\u00e7\u00e3o pessoal com Deus. A proposta \u00e9 o Reino de Deus (cf Lc 4,43); trata-se de amar a Deus, que reina no mundo. Na medida em que Ele conseguir reinar entre n\u00f3s, a vida social ser\u00e1 um espa\u00e7o de fraternidade, de justi\u00e7a, de paz, de dignidade para todos.<\/p>\n<p dir=\"ltr\" style=\"text-align: justify;\">Por isso, tanto o an\u00fancio como a experi\u00eancia crist\u00e3 tendem a provocar consequ\u00eancias sociais. Procuremos o seu Reino: <strong>\u00abProcurai primeiro o Reino de Deus e a sua justi\u00e7a, e tudo o mais se vos dar\u00e1 por acr\u00e9scimo\u00bb<\/strong> (Mt 6,33).<a href=\"http:\/\/www.paroquiadoscanhas.pt\/wp-content\/uploads\/2014\/05\/jkhuikhyujh.jpg\"><img loading=\"lazy\" decoding=\"async\" class=\"alignright size-full wp-image-6014\" alt=\"jkhui,khyujh\" src=\"http:\/\/www.paroquiadoscanhas.pt\/wp-content\/uploads\/2014\/05\/jkhuikhyujh.jpg\" width=\"334\" height=\"224\" srcset=\"http:\/\/www.paroquiadoscanhas.pt\/wp-content\/uploads\/2014\/05\/jkhuikhyujh.jpg 334w, http:\/\/www.paroquiadoscanhas.pt\/wp-content\/uploads\/2014\/05\/jkhuikhyujh-300x201.jpg 300w\" sizes=\"auto, (max-width: 334px) 100vw, 334px\" \/><\/a><\/p>\n<p dir=\"ltr\" style=\"text-align: justify;\">O projecto de Jesus \u00e9 instaurar o Reino de seu Pai; por isso, pede aos seus disc\u00edpulos:<strong> \u00abProclamai que o Reino do C\u00e9u est\u00e1 perto\u00bb<\/strong> (Mt 10,7).<\/p>\n<p style=\"text-align: justify;\">O Reino, que se antecipa e cresce entre n\u00f3s, abrange tudo, como nos recorda aquele princ\u00edpio de discernimento que Paulo VI propunha a prop\u00f3sito do verdadeiro desenvolvimento: <strong>\u00abTodos os homens e o homem todo\u00bb. Sabemos que \u00aba evangeliza\u00e7\u00e3o n\u00e3o seria completa se n\u00e3o tomasse em considera\u00e7\u00e3o a interpela\u00e7\u00e3o rec\u00edproca que se fazem constantemente o Evangelho e a vida concreta, pessoal e social, dos homens\u00bb<\/strong> (Paulo VI).<\/p>\n<p dir=\"ltr\" style=\"text-align: justify;\">\u00c9 o crit\u00e9rio da universalidade, pr\u00f3prio da din\u00e2mica do Evangelho, dado que o Pai <strong>\u00abquer que todos os homens sejam salvos\u00bb<\/strong> (1Tim 2,4) e o seu plano de salva\u00e7\u00e3o consiste em <strong>\u00absubmeter tudo a Cristo, reunindo<\/strong> <strong>nele o que h\u00e1 no c\u00e9u e na terra\u00bb<\/strong> (Ef 1,10).<\/p>\n<p dir=\"ltr\" style=\"text-align: justify;\">O mandato \u00e9: <strong>\u00abIde pelo mundo inteiro, proclamai o Evangelho a toda<\/strong> <strong>a criatura\u00bb<\/strong> (Mc 16,15), porque toda<strong> \u00aba cria\u00e7\u00e3o se encontra em expectativa ansiosa, aguardando a revela\u00e7\u00e3o dos filhos de Deus\u00bb<\/strong> (Rom 8,19).<\/p>\n<p dir=\"ltr\" style=\"text-align: justify;\">Toda a cria\u00e7\u00e3o significa tamb\u00e9m todos os aspectos da vida humana, de tal modo que<strong> \u00aba miss\u00e3o do an\u00fancio da Boa Nova de Jesus Cristo tem<\/strong> <strong>dimens\u00e3o universal.O seu mandamento de caridade abarca todas as dimens\u00f5es da exist\u00eancia, todas as pessoas, todos os sectores da vida social e todos os povos. Nada do humano lhe pode parecer estranho\u00bb.<\/strong><\/p>\n<p dir=\"ltr\" style=\"text-align: right;\"><strong>Papa Francisco <\/strong><br \/>\n<strong> Exorta\u00e7\u00e3o apost\u00f3lica \u00abEvangelii Gaudium \/ A Alegria do Evangelho\u00bb \u00a7\u00a7180-181 (trad. \u00a9 copyright Libreria Editrice Vatican, rev.)<\/strong><\/p>\n","protected":false},"excerpt":{"rendered":"<p>Santos Filipe e Tiago, ap\u00f3stolos enviados a proclamar o Reino de Deus a todo o mundo Ao lermos as Escrituras, fica bem claro que a proposta do Evangelho n\u00e3o consiste s\u00f3 numa rela\u00e7\u00e3o pessoal com Deus. A proposta \u00e9 o &hellip; <a href=\"http:\/\/www.paroquiadoscanhas.pt\/?p=6008\">Continue reading <span class=\"meta-nav\">&rarr;<\/span><\/a><\/p>\n","protected":false},"author":1,"featured_media":0,"comment_status":"closed","ping_status":"open","sticky":true,"template":"","format":"aside","meta":{"footnotes":""},"categories":[1],"tags":[],"class_list":["post-6008","post","type-post","status-publish","format-aside","hentry","category-sem-categoria","post_format-post-format-aside"],"_links":{"self":[{"href":"http:\/\/www.paroquiadoscanhas.pt\/index.php?rest_route=\/wp\/v2\/posts\/6008","targetHints":{"allow":["GET"]}}],"collection":[{"href":"http:\/\/www.paroquiadoscanhas.pt\/index.php?rest_route=\/wp\/v2\/posts"}],"about":[{"href":"http:\/\/www.paroquiadoscanhas.pt\/index.php?rest_route=\/wp\/v2\/types\/post"}],"author":[{"embeddable":true,"href":"http:\/\/www.paroquiadoscanhas.pt\/index.php?rest_route=\/wp\/v2\/users\/1"}],"replies":[{"embeddable":true,"href":"http:\/\/www.paroquiadoscanhas.pt\/index.php?rest_route=%2Fwp%2Fv2%2Fcomments&post=6008"}],"version-history":[{"count":7,"href":"http:\/\/www.paroquiadoscanhas.pt\/index.php?rest_route=\/wp\/v2\/posts\/6008\/revisions"}],"predecessor-version":[{"id":6012,"href":"http:\/\/www.paroquiadoscanhas.pt\/index.php?rest_route=\/wp\/v2\/posts\/6008\/revisions\/6012"}],"wp:attachment":[{"href":"http:\/\/www.paroquiadoscanhas.pt\/index.php?rest_route=%2Fwp%2Fv2%2Fmedia&parent=6008"}],"wp:term":[{"taxonomy":"category","embeddable":true,"href":"http:\/\/www.paroquiadoscanhas.pt\/index.php?rest_route=%2Fwp%2Fv2%2Fcategories&post=6008"},{"taxonomy":"post_tag","embeddable":true,"href":"http:\/\/www.paroquiadoscanhas.pt\/index.php?rest_route=%2Fwp%2Fv2%2Ftags&post=6008"}],"curies":[{"name":"wp","href":"https:\/\/api.w.org\/{rel}","templated":true}]}}