{"id":5698,"date":"2014-03-18T14:56:30","date_gmt":"2014-03-18T14:56:30","guid":{"rendered":"http:\/\/www.paroquiadoscanhas.pt\/?p=5698"},"modified":"2014-03-18T14:58:15","modified_gmt":"2014-03-18T14:58:15","slug":"papa-critia-hipocrisia","status":"publish","type":"post","link":"http:\/\/www.paroquiadoscanhas.pt\/?p=5698","title":{"rendered":"Papa critica hipocrisia"},"content":{"rendered":"<h3 style=\"text-align: justify;\">Francisco pede que a Quaresma seja um tempo de mudan\u00e7a de vida para os crist\u00e3os<\/h3>\n<div><a title=\"Clique para guardar esta imagem para o seu computador\" href=\"http:\/\/www.agencia.ecclesia.pt\/cgi-bin\/dldimg.pl?img=casa_santa_marta_roxo_manchete.jpg\"><img decoding=\"async\" alt=\"\" src=\"http:\/\/www.agencia.ecclesia.pt\/cgi-bin\/gd_imager.pl?img=casa_santa_marta_roxo_manchete.jpg&amp;conf=noticia\" border=\"0\" \/><\/a>D.R.<\/div>\n<div>\n<p style=\"text-align: justify;\">Cidade do Vaticano, 18 mar 2014 (Ecclesia) \u2013 O Papa afirmou hoje no Vaticano que o tempo da Quaresma deve servir para \u201cajustar a vida\u201d e deixou cr\u00edticas \u00e0 \u201chipocrisia\u201d de quem se disfar\u00e7a de santo para evitar esta mudan\u00e7a.<\/p>\n<p style=\"text-align: justify;\">\u201cA Quaresma serve para ajustar a vida, consertar a vida, mudar de vida para se aproximar do Senhor. O sinal de que estamos longe \u00e9 a hipocrisia: o hip\u00f3crita n\u00e3o tem necessidade do Senhor, salva-se a si mesmo \u2013 assim pensa \u2013 e disfar\u00e7a-se de santo\u201d, disse Francisco na homilia da Missa a que presidiu esta manh\u00e3 na capela da Casa de Santa Marta.<\/p>\n<p style=\"text-align: justify;\">A interven\u00e7\u00e3o sublinhou a import\u00e2ncia da \u201cpenit\u00eancia\u201d e da aten\u00e7\u00e3o aos \u201cirm\u00e3os em necessidade\u201d, como sinais da convers\u00e3o interior.<\/p>\n<p style=\"text-align: justify;\">Neste contexto, o Papa alertou para os que se \u201cdisfar\u00e7am de bons\u201d, com \u201ccara de santinho\u201d, e se julgam \u201cmais justos do que os outros\u201d.<\/p>\n<p style=\"text-align: justify;\">\u201cNingu\u00e9m \u00e9 justo por si mesmo, todos temos necessidade de ser justificados e o \u00fanico que justifica \u00e9 Jesus Cristo\u201d, observou.<\/p>\n<p style=\"text-align: justify;\">Francisco convidou os presentes a aproximar-se de Jesus para n\u00e3o serem \u201ccrist\u00e3os disfar\u00e7ados\u201d que est\u00e3o \u201ccegos\u201d em rela\u00e7\u00e3o a quem precisa.<\/p>\n<p style=\"text-align: justify;\">\u201cQuando algu\u00e9m anda um pouco e se aproxima do Senhor, a luz do Senhor f\u00e1-lo ver estas coisas e vai ajudar os irm\u00e3os. Este \u00e9 o sinal, o sinal da convers\u00e3o.<\/p>\n<\/div>\n","protected":false},"excerpt":{"rendered":"<p>Francisco pede que a Quaresma seja um tempo de mudan\u00e7a de vida para os crist\u00e3os D.R. Cidade do Vaticano, 18 mar 2014 (Ecclesia) \u2013 O Papa afirmou hoje no Vaticano que o tempo da Quaresma deve servir para \u201cajustar a &hellip; <a href=\"http:\/\/www.paroquiadoscanhas.pt\/?p=5698\">Continue reading <span class=\"meta-nav\">&rarr;<\/span><\/a><\/p>\n","protected":false},"author":1,"featured_media":0,"comment_status":"closed","ping_status":"open","sticky":true,"template":"","format":"aside","meta":{"footnotes":""},"categories":[1],"tags":[],"class_list":["post-5698","post","type-post","status-publish","format-aside","hentry","category-sem-categoria","post_format-post-format-aside"],"_links":{"self":[{"href":"http:\/\/www.paroquiadoscanhas.pt\/index.php?rest_route=\/wp\/v2\/posts\/5698","targetHints":{"allow":["GET"]}}],"collection":[{"href":"http:\/\/www.paroquiadoscanhas.pt\/index.php?rest_route=\/wp\/v2\/posts"}],"about":[{"href":"http:\/\/www.paroquiadoscanhas.pt\/index.php?rest_route=\/wp\/v2\/types\/post"}],"author":[{"embeddable":true,"href":"http:\/\/www.paroquiadoscanhas.pt\/index.php?rest_route=\/wp\/v2\/users\/1"}],"replies":[{"embeddable":true,"href":"http:\/\/www.paroquiadoscanhas.pt\/index.php?rest_route=%2Fwp%2Fv2%2Fcomments&post=5698"}],"version-history":[{"count":3,"href":"http:\/\/www.paroquiadoscanhas.pt\/index.php?rest_route=\/wp\/v2\/posts\/5698\/revisions"}],"predecessor-version":[{"id":5701,"href":"http:\/\/www.paroquiadoscanhas.pt\/index.php?rest_route=\/wp\/v2\/posts\/5698\/revisions\/5701"}],"wp:attachment":[{"href":"http:\/\/www.paroquiadoscanhas.pt\/index.php?rest_route=%2Fwp%2Fv2%2Fmedia&parent=5698"}],"wp:term":[{"taxonomy":"category","embeddable":true,"href":"http:\/\/www.paroquiadoscanhas.pt\/index.php?rest_route=%2Fwp%2Fv2%2Fcategories&post=5698"},{"taxonomy":"post_tag","embeddable":true,"href":"http:\/\/www.paroquiadoscanhas.pt\/index.php?rest_route=%2Fwp%2Fv2%2Ftags&post=5698"}],"curies":[{"name":"wp","href":"https:\/\/api.w.org\/{rel}","templated":true}]}}