{"id":5466,"date":"2014-02-05T21:12:07","date_gmt":"2014-02-05T21:12:07","guid":{"rendered":"http:\/\/www.paroquiadoscanhas.pt\/?p=5466"},"modified":"2014-02-06T15:14:38","modified_gmt":"2014-02-06T15:14:38","slug":"e-muito-importante","status":"publish","type":"post","link":"http:\/\/www.paroquiadoscanhas.pt\/?p=5466","title":{"rendered":"\u00c9 muito importante"},"content":{"rendered":"<p style=\"text-align: justify;\"><strong>\u00ab\u00c9 muito importante ir \u00e0 missa ao domingo\u00bb<\/strong>, sublinha papa Francisco, que explicou o significado da Eucaristia.<\/p>\n<p style=\"text-align: justify;\">A Eucaristia <strong>\u00ab\u00e9 um dom muito grande e por isso \u00e9 muito importante ir \u00e0 missa ao domingo\u00bb<\/strong>, afirmou hoje o papa Francisco no Vaticano, durante a audi\u00eancia geral semanal, em que prosseguiu a catequese sobre os sacramentos.<a href=\"http:\/\/www.paroquiadoscanhas.pt\/wp-content\/uploads\/2014\/02\/mnjhuy.jpg\"><img loading=\"lazy\" decoding=\"async\" class=\"alignright size-full wp-image-5468\" alt=\"mnjhuy\" src=\"http:\/\/www.paroquiadoscanhas.pt\/wp-content\/uploads\/2014\/02\/mnjhuy.jpg\" width=\"190\" height=\"363\" srcset=\"http:\/\/www.paroquiadoscanhas.pt\/wp-content\/uploads\/2014\/02\/mnjhuy.jpg 190w, http:\/\/www.paroquiadoscanhas.pt\/wp-content\/uploads\/2014\/02\/mnjhuy-157x300.jpg 157w\" sizes=\"auto, (max-width: 190px) 100vw, 190px\" \/><\/a><\/p>\n<p style=\"text-align: justify;\"><strong>\u00abO que vemos quando nos reunimos para celebrar a Eucaristia, a missa, j\u00e1 nos faz intuir o que estamos para viver. Ao centro do espa\u00e7o destinado \u00e0 celebra\u00e7\u00e3o encontra-se o altar, que \u00e9 uma mesa, coberta por uma toalha, e isto faz pensar num banquete\u00bb<\/strong>, referiu o papa, citado pela R\u00e1dio Vaticano.<\/p>\n<p style=\"text-align: justify;\">A explica\u00e7\u00e3o da geografia eucar\u00edstica e do seu significado prosseguiu com a cruz, colocada <strong>\u00absobre a mesa\u00bb<\/strong>, indicando que sobre o altar \u00e9 oferecido o <strong>\u00absacrif\u00edcio de Cristo\u00bb<\/strong>, o <strong>\u00abalimento espiritual\u00bb<\/strong> que se recebe <strong>\u00absob os sinais do p\u00e3o e do vinho\u00bb.<\/strong><\/p>\n<p style=\"text-align: justify;\"><strong>\u00abPr\u00f3ximo da mesa est\u00e1 o amb\u00e3o, isto \u00e9, o lugar do qual se proclama a Palavra de Deus: e isto indica que ali nos reunimos para escutar o Senhor que fala mediante a Sagrada Escritura, e da\u00ed que o alimento que se recebe \u00e9 tamb\u00e9m a sua Palavra\u00bb<\/strong>, explicou.<\/p>\n<p style=\"text-align: justify;\">A Palavra e o P\u00e3o na missa <strong>\u00abtornam-se um s\u00f3, como na \u00daltima Ceia<\/strong>, <strong>quando todas as palavras de Jesus, todos os sinais que realizou, se<\/strong> <strong>condensaram no gesto de partir o p\u00e3o e oferecer o c\u00e1lice, antecipa\u00e7\u00e3o do sacrif\u00edcio da cruz\u00bb<\/strong>.<\/p>\n<p style=\"text-align: justify;\">Neste sentido, prosseguiu,<strong> \u00aba celebra\u00e7\u00e3o eucar\u00edstica \u00e9 bem mais do que um simples banquete\u00bb<\/strong>, tornando-se o <strong>\u00abmemorial da P\u00e1scoa de<\/strong> <strong>Jesus\u00bb<\/strong>, centro da salva\u00e7\u00e3o.<\/p>\n<p style=\"text-align: justify;\"><strong>\u00ab\u201cMemorial\u201d<\/strong> <strong>n\u00e3o significa s\u00f3 uma recorda\u00e7\u00e3o, uma simples recorda\u00e7\u00e3o, mas quer dizer que cada vez que celebramos este sacramento, participamos no mist\u00e9rio da paix\u00e3o, morte e ressurrei\u00e7\u00e3o de Cristo\u00bb<\/strong>, assinalou.<\/p>\n<p style=\"text-align: justify;\">A Eucaristia constitui, por isso, o n\u00facleo da a\u00e7\u00e3o de Deus no ser humano: <strong>\u00abJesus, fazendo-se p\u00e3o partido por n\u00f3s, derrama com efeito sobre n\u00f3s toda a sua miseric\u00f3rdia e o seu amor, e assim renova o nosso cora\u00e7\u00e3o, a nossa exist\u00eancia e o nosso modo de nos relacionarmos com Ele e com os irm\u00e3os\u00bb<\/strong>.<\/p>\n<p style=\"text-align: justify;\"><strong>\u00ab\u00c9 por isto que comummente, que nos aproximamos deste sacramento, se diz que se vai \u201creceber a comunh\u00e3o\u201d\u00bb<\/strong>, o que significa que a participa\u00e7\u00e3o na Eucaristia conforma a pessoa <strong>\u00abde modo<\/strong> <strong>\u00fanico e profundo a Cristo\u00bb<\/strong>, antecipando o <strong>\u00abbanquete celeste\u00bb<\/strong>, onde se ter\u00e1 <strong>\u00aba alegria inimagin\u00e1vel de contemplar Deus face a face\u00bb<\/strong>, acentuou.<\/p>\n<p style=\"text-align: justify;\">No fim da audi\u00eancia, Francisco lembrou que a Igreja evoca hoje Santa \u00c1gata, virgem e m\u00e1rtir: <strong>\u00abA sua virtude her\u00f3ica vos estimule, queridos jovens<\/strong>. <strong>Ajude-vos a compreender a import\u00e2ncia da pureza e da virgindade; ajude-vos, queridos doentes, a aceitar a cruz em uni\u00e3o espiritual com o cora\u00e7\u00e3o de Cristo; e vos encoraje, queridos novos esposos, a compreender o papel da mulher na vossa vida familiar\u00bb.<\/strong><\/p>\n<p style=\"text-align: justify;\">A palavra <strong>&#8220;eucaristia&#8221;<\/strong>, de origem grega, comp\u00f5e-se de <strong>&#8220;eu&#8221;<\/strong> (bom) e <strong>&#8220;charis&#8221;<\/strong> (gra\u00e7a), boa gra\u00e7a quando se refere a ac\u00e7\u00e3o de Deus para a humanidade, ou ac\u00e7\u00e3o de gra\u00e7as quando diz respeito aos seres humanos em rela\u00e7\u00e3o a Deus.<\/p>\n<p style=\"text-align: justify;\">O termo <strong>&#8220;missa&#8221;<\/strong> radica do latim <strong>&#8220;mittere&#8221;<\/strong> (enviar, despedir), tendo-se convertido, com o tempo, na celebra\u00e7\u00e3o que nos primeiros tempos do cristianismo se chamou <strong>&#8220;Frac\u00e7\u00e3o do P\u00e3o&#8221;<\/strong> e <strong>&#8220;Ceia do Senhor&#8221;<\/strong>, e que actualmente \u00e9 tamb\u00e9m designada por Eucaristia.<\/p>\n<p style=\"text-align: right;\"><strong>Papa Francisco<\/strong><\/p>\n<p>&nbsp;<\/p>\n","protected":false},"excerpt":{"rendered":"<p>\u00ab\u00c9 muito importante ir \u00e0 missa ao domingo\u00bb, sublinha papa Francisco, que explicou o significado da Eucaristia. A Eucaristia \u00ab\u00e9 um dom muito grande e por isso \u00e9 muito importante ir \u00e0 missa ao domingo\u00bb, afirmou hoje o papa Francisco &hellip; <a href=\"http:\/\/www.paroquiadoscanhas.pt\/?p=5466\">Continue reading <span class=\"meta-nav\">&rarr;<\/span><\/a><\/p>\n","protected":false},"author":1,"featured_media":0,"comment_status":"closed","ping_status":"open","sticky":true,"template":"","format":"aside","meta":{"footnotes":""},"categories":[1],"tags":[],"class_list":["post-5466","post","type-post","status-publish","format-aside","hentry","category-sem-categoria","post_format-post-format-aside"],"_links":{"self":[{"href":"http:\/\/www.paroquiadoscanhas.pt\/index.php?rest_route=\/wp\/v2\/posts\/5466","targetHints":{"allow":["GET"]}}],"collection":[{"href":"http:\/\/www.paroquiadoscanhas.pt\/index.php?rest_route=\/wp\/v2\/posts"}],"about":[{"href":"http:\/\/www.paroquiadoscanhas.pt\/index.php?rest_route=\/wp\/v2\/types\/post"}],"author":[{"embeddable":true,"href":"http:\/\/www.paroquiadoscanhas.pt\/index.php?rest_route=\/wp\/v2\/users\/1"}],"replies":[{"embeddable":true,"href":"http:\/\/www.paroquiadoscanhas.pt\/index.php?rest_route=%2Fwp%2Fv2%2Fcomments&post=5466"}],"version-history":[{"count":6,"href":"http:\/\/www.paroquiadoscanhas.pt\/index.php?rest_route=\/wp\/v2\/posts\/5466\/revisions"}],"predecessor-version":[{"id":5473,"href":"http:\/\/www.paroquiadoscanhas.pt\/index.php?rest_route=\/wp\/v2\/posts\/5466\/revisions\/5473"}],"wp:attachment":[{"href":"http:\/\/www.paroquiadoscanhas.pt\/index.php?rest_route=%2Fwp%2Fv2%2Fmedia&parent=5466"}],"wp:term":[{"taxonomy":"category","embeddable":true,"href":"http:\/\/www.paroquiadoscanhas.pt\/index.php?rest_route=%2Fwp%2Fv2%2Fcategories&post=5466"},{"taxonomy":"post_tag","embeddable":true,"href":"http:\/\/www.paroquiadoscanhas.pt\/index.php?rest_route=%2Fwp%2Fv2%2Ftags&post=5466"}],"curies":[{"name":"wp","href":"https:\/\/api.w.org\/{rel}","templated":true}]}}