{"id":5166,"date":"2013-12-07T18:59:37","date_gmt":"2013-12-07T18:59:37","guid":{"rendered":"http:\/\/www.paroquiadoscanhas.pt\/?p=5166"},"modified":"2013-12-07T19:00:20","modified_gmt":"2013-12-07T19:00:20","slug":"os-sacramentos","status":"publish","type":"post","link":"http:\/\/www.paroquiadoscanhas.pt\/?p=5166","title":{"rendered":"Os Sacramentos"},"content":{"rendered":"<p style=\"text-align: justify;\">O Papa Francisco falou esta quarta-feira de manh\u00e3 sobre a import\u00e2ncia de os crist\u00e3os respeitarem os sacramentos.<\/p>\n<p style=\"text-align: justify;\">Durante a audi\u00eancia geral desta manh\u00e3, no Vaticano, Francisco disse que ningu\u00e9m deve ter medo de se confessar e comungar e que as fam\u00edlias devem baptizar os filhos pequenos.\u00a0<a href=\"http:\/\/www.paroquiadoscanhas.pt\/wp-content\/uploads\/2013\/12\/nv.jpg\"><img loading=\"lazy\" decoding=\"async\" class=\"alignright size-full wp-image-5167\" alt=\"nv\" src=\"http:\/\/www.paroquiadoscanhas.pt\/wp-content\/uploads\/2013\/12\/nv.jpg\" width=\"261\" height=\"193\" \/><\/a><\/p>\n<div style=\"text-align: justify;\">\u00a0<strong>&#8220;A gra\u00e7a dos sacramentos alimenta em n\u00f3s uma f\u00e9 forte e alegre, uma f\u00e9 que se deixa surpreender com as maravilhas de Deus e nos ajuda a resistir aos \u00eddolos do mundo. Por isto \u00e9 importante comungar, as crian\u00e7as serem baptizadas cedo e serem crismadas. Porqu\u00ea? Porque esta \u00e9 a presen\u00e7a de Cristo em n\u00f3s, que nos ajuda. \u00c9 importante, quando nos sentimos pecadores, procurarmos o sacramento da reconcilia\u00e7\u00e3o.&#8221;\u00a0<\/strong>O Papa ironizou, ent\u00e3o, com as justifica\u00e7\u00f5es muitas vezes apresentadas pelas pessoas que evitam confessar-se: <strong>&#8220;Ah, n\u00e3o! Tenho medo, porque o padre vai-me dar na cabe\u00e7a!&#8217;<\/strong><\/p>\n<\/div>\n<div style=\"text-align: justify;\"><strong>&#8220;N\u00e3o, n\u00e3o far\u00e1 isso. Jesus perdoa-te. \u00c9 Jesus que te espera ali, no sacramento da confiss\u00e3o. \u00c9 por isso que \u00e9 um sacramento, \u00e9 isto que faz crescer a Igreja&#8221;<\/strong>.O Papa falou tamb\u00e9m sobre a caridade que deve mover todos os crist\u00e3os &#8211; que n\u00e3o deve ser uma caridade &#8220;ego\u00edsta&#8221;, porque<strong> &#8220;a caridade sem amor n\u00e3o serve a Igreja&#8221;<\/strong>.<\/p>\n<\/div>\n<div style=\"text-align: justify;\"><\/div>\n<div style=\"text-align: justify;\">O Papa Francisco lembrou ainda que os carismas de cada um<strong> &#8220;s\u00e3o dons dados<\/strong> <strong>pelo Esp\u00edrito Santo&#8221;<\/strong>, que n\u00e3o devem ser desprezados nem usados para <strong>&#8220;benef\u00edcio pr\u00f3prio&#8221;<\/strong>, mas sim serem postos<strong> &#8220;ao servi\u00e7o dos outros<\/strong> <strong>irm\u00e3os&#8221;<\/strong>, ao servi\u00e7o da comunidade.<\/div>\n","protected":false},"excerpt":{"rendered":"<p>O Papa Francisco falou esta quarta-feira de manh\u00e3 sobre a import\u00e2ncia de os crist\u00e3os respeitarem os sacramentos. Durante a audi\u00eancia geral desta manh\u00e3, no Vaticano, Francisco disse que ningu\u00e9m deve ter medo de se confessar e comungar e que as &hellip; <a href=\"http:\/\/www.paroquiadoscanhas.pt\/?p=5166\">Continue reading <span class=\"meta-nav\">&rarr;<\/span><\/a><\/p>\n","protected":false},"author":1,"featured_media":0,"comment_status":"closed","ping_status":"open","sticky":true,"template":"","format":"aside","meta":{"footnotes":""},"categories":[1],"tags":[],"class_list":["post-5166","post","type-post","status-publish","format-aside","hentry","category-sem-categoria","post_format-post-format-aside"],"_links":{"self":[{"href":"http:\/\/www.paroquiadoscanhas.pt\/index.php?rest_route=\/wp\/v2\/posts\/5166","targetHints":{"allow":["GET"]}}],"collection":[{"href":"http:\/\/www.paroquiadoscanhas.pt\/index.php?rest_route=\/wp\/v2\/posts"}],"about":[{"href":"http:\/\/www.paroquiadoscanhas.pt\/index.php?rest_route=\/wp\/v2\/types\/post"}],"author":[{"embeddable":true,"href":"http:\/\/www.paroquiadoscanhas.pt\/index.php?rest_route=\/wp\/v2\/users\/1"}],"replies":[{"embeddable":true,"href":"http:\/\/www.paroquiadoscanhas.pt\/index.php?rest_route=%2Fwp%2Fv2%2Fcomments&post=5166"}],"version-history":[{"count":2,"href":"http:\/\/www.paroquiadoscanhas.pt\/index.php?rest_route=\/wp\/v2\/posts\/5166\/revisions"}],"predecessor-version":[{"id":5169,"href":"http:\/\/www.paroquiadoscanhas.pt\/index.php?rest_route=\/wp\/v2\/posts\/5166\/revisions\/5169"}],"wp:attachment":[{"href":"http:\/\/www.paroquiadoscanhas.pt\/index.php?rest_route=%2Fwp%2Fv2%2Fmedia&parent=5166"}],"wp:term":[{"taxonomy":"category","embeddable":true,"href":"http:\/\/www.paroquiadoscanhas.pt\/index.php?rest_route=%2Fwp%2Fv2%2Fcategories&post=5166"},{"taxonomy":"post_tag","embeddable":true,"href":"http:\/\/www.paroquiadoscanhas.pt\/index.php?rest_route=%2Fwp%2Fv2%2Ftags&post=5166"}],"curies":[{"name":"wp","href":"https:\/\/api.w.org\/{rel}","templated":true}]}}