{"id":5006,"date":"2013-11-08T22:18:31","date_gmt":"2013-11-08T22:18:31","guid":{"rendered":"http:\/\/www.paroquiadoscanhas.pt\/?p=5006"},"modified":"2013-11-09T07:38:57","modified_gmt":"2013-11-09T07:38:57","slug":"senhora-e-mae-do-perpetuo-socorro","status":"publish","type":"post","link":"http:\/\/www.paroquiadoscanhas.pt\/?p=5006","title":{"rendered":"Senhora e M\u00e3e do Perp\u00e9tuo Socorro"},"content":{"rendered":"<p style=\"text-align: justify;\"><strong>Nossa Senhora do Perp\u00e9tuo Socorro<\/strong><\/p>\n<p style=\"text-align: justify;\"><strong>Louvada, amada, invocada, bendita eternamente sejais, \u00f3 Senhora do Perp\u00e9tuo Socorro, minha esperan\u00e7a, meu amor, minha m\u00e3e, minha felicidade e vida minha. Assim seja.\u201d (Sto. Afonso Maria de Lig\u00f3rio).<\/strong><\/p>\n<p style=\"text-align: justify;\">Em milhares de igrejas espalhadas pelo mundo inteiro, nas quartas-feiras, tradicionalmente, realiza-se a novena em honra a Nossa Senhora do Perp\u00e9tuo Socorro, que teve in\u00edcio no dia 11 de Julho de 1922 nos Estados Unidos.<a href=\"http:\/\/www.paroquiadoscanhas.pt\/wp-content\/uploads\/2013\/11\/vk.jpg\"><img loading=\"lazy\" decoding=\"async\" class=\"alignright size-full wp-image-5007\" alt=\"vk\" src=\"http:\/\/www.paroquiadoscanhas.pt\/wp-content\/uploads\/2013\/11\/vk.jpg\" width=\"350\" height=\"494\" srcset=\"http:\/\/www.paroquiadoscanhas.pt\/wp-content\/uploads\/2013\/11\/vk.jpg 350w, http:\/\/www.paroquiadoscanhas.pt\/wp-content\/uploads\/2013\/11\/vk-212x300.jpg 212w\" sizes=\"auto, (max-width: 350px) 100vw, 350px\" \/><\/a><\/p>\n<p style=\"text-align: justify;\">V\u00e1rios nomes foram dados a esse quadro: <strong>\u201cVirgem da Paix\u00e3o\u201d, \u201cA Madona de Ouro\u201d, \u201cA M\u00e3e dos Lares Cat\u00f3licos\u201d, \u201cA M\u00e3e dos Mission\u00e1rios Redentoristas\u201d<em>.<\/em><\/strong><\/p>\n<p style=\"text-align: justify;\">O nome escolhido pela pr\u00f3pria Virgem Maria \u00e9 <em><strong>\u201cM\u00e3e do Perp\u00e9tuo Socorro\u201d.<\/strong><\/em><\/p>\n<p style=\"text-align: justify;\">\u00c9 tamb\u00e9m o nome pelo qual o Papa Pio IX pediu aos mission\u00e1rios redentoristas que a fizessem conhecida no mundo inteiro.<\/p>\n<p style=\"text-align: justify;\">Sua hist\u00f3ria \u00e9 a hist\u00f3ria de como Deus orienta os acontecimentos humanos para os des\u00edgnios divinos.<\/p>\n<p style=\"text-align: justify;\">Pouco se sabe sobre o autor e a origem do quadro da Virgem do Perp\u00e9tuo Socorro, o que se imagina \u00e9 que tenha sido pintado por um artista grego, devido \u00e0s inscri\u00e7\u00f5es, na parte superior do quadro, onde temos as letras gregas que significam <em><strong>\u201cM\u00e3e de Deus\u201d.<\/strong><\/em><\/p>\n<p style=\"text-align: justify;\"><em><strong><\/strong><\/em>O que mais impressiona no quadro \u00e9 a figura do menino, que encontra no colo de sua m\u00e3e, o seu socorro.<\/p>\n<p style=\"text-align: justify;\">No quadro, o Menino Jesus contempla um dos anjos, que respectivamente seguram nas m\u00e3os os instrumentos pr\u00e9-figurativos dos sofrimentos futuros da Paix\u00e3o e Morte do Salvador: lan\u00e7a, vara com a esponja, o c\u00e1lice com fel, cruz e cravos.<\/p>\n<p style=\"text-align: justify;\">Ao correr para os bra\u00e7os da Sua M\u00e3e, o Menino Jesus deixa dependurado o cadar\u00e7o de sua sand\u00e1lia, a indicar que at\u00e9 mesmo no \u00faltimo momento devemos estar ligados a Ele e \u00e0 Sua M\u00e3e, como definitivo socorro.<\/p>\n<p style=\"text-align: justify;\">Quanto a Maria, o seu olhar \u00e9 grandioso a fitar com ternura, ela toma as m\u00e3ozinhas do seu menino e apresenta-nos como seu e tamb\u00e9m como nosso Perp\u00e9tuo Socorro.<\/p>\n<p style=\"text-align: justify;\">Segundo uma antiga tradi\u00e7\u00e3o, o quadro \u00e9 uma pintura em estilo bizantino, e \u00e9 tamb\u00e9m uma reprodu\u00e7\u00e3o de uma pintura feita por S. Lucas evangelista, que al\u00e9m de m\u00e9dico e escritor, era pintor.<\/p>\n<p style=\"text-align: justify;\">Conta-se que um rico comerciante em viagem pela regi\u00e3o da Ilha de Creta, ao contemplar o quadro numa igreja, n\u00e3o se conteve, e furtou trazendo-o para Roma. O facto deixou a popula\u00e7\u00e3o da ilha entristecida.<\/p>\n<p style=\"text-align: justify;\">Quando o comerciante faleceu, a Virgem apareceu a uma menina, filha da mulher que guardava o quadro em casa.<\/p>\n<p style=\"text-align: justify;\">Nossa Senhora pediu que o quadro fosse entronizado na Igreja de S. Mateus e que l\u00e1 fosse invocada como M\u00e3e do Perp\u00e9tuo Socorro.<\/p>\n<p style=\"text-align: justify;\">Esteve o milagroso quadro em poder dos Agostianos, depois dos Redentoristas, e, no ano de 1866, foi introduzido na igreja de Sto. Afonso.<\/p>\n<p style=\"text-align: justify;\">O Santo Padre, Papa Pio IV recomendou aos filhos de Santo Afonso Maria de Lig\u00f3rio(Redentoristas): <strong>\u201cFazei que o mundo conhe\u00e7a o Perp\u00e9tuo Socorro\u201d.<\/strong><\/p>\n<p style=\"text-align: justify;\">O quadro por si s\u00f3 fala mais que muitos livros; incont\u00e1veis s\u00e3o os favores daquela express\u00e3o de f\u00e9, e manifesta\u00e7\u00e3o do perp\u00e9tuo aa internetmor de Deus.<\/p>\n<p style=\"text-align: justify;\"><strong>\u201cElevo os meus olhos para o monte de onde vir\u00e1 o meu socorro e o meu socorro vem do Senhor\u201d.<\/strong><\/p>\n<p style=\"text-align: right;\">(Texto retirado da internet)<\/p>\n<p style=\"text-align: justify;\">\n","protected":false},"excerpt":{"rendered":"<p>Nossa Senhora do Perp\u00e9tuo Socorro Louvada, amada, invocada, bendita eternamente sejais, \u00f3 Senhora do Perp\u00e9tuo Socorro, minha esperan\u00e7a, meu amor, minha m\u00e3e, minha felicidade e vida minha. Assim seja.\u201d (Sto. Afonso Maria de Lig\u00f3rio). Em milhares de igrejas espalhadas pelo &hellip; <a href=\"http:\/\/www.paroquiadoscanhas.pt\/?p=5006\">Continue reading <span class=\"meta-nav\">&rarr;<\/span><\/a><\/p>\n","protected":false},"author":1,"featured_media":0,"comment_status":"closed","ping_status":"open","sticky":true,"template":"","format":"aside","meta":{"footnotes":""},"categories":[1],"tags":[],"class_list":["post-5006","post","type-post","status-publish","format-aside","hentry","category-sem-categoria","post_format-post-format-aside"],"_links":{"self":[{"href":"http:\/\/www.paroquiadoscanhas.pt\/index.php?rest_route=\/wp\/v2\/posts\/5006","targetHints":{"allow":["GET"]}}],"collection":[{"href":"http:\/\/www.paroquiadoscanhas.pt\/index.php?rest_route=\/wp\/v2\/posts"}],"about":[{"href":"http:\/\/www.paroquiadoscanhas.pt\/index.php?rest_route=\/wp\/v2\/types\/post"}],"author":[{"embeddable":true,"href":"http:\/\/www.paroquiadoscanhas.pt\/index.php?rest_route=\/wp\/v2\/users\/1"}],"replies":[{"embeddable":true,"href":"http:\/\/www.paroquiadoscanhas.pt\/index.php?rest_route=%2Fwp%2Fv2%2Fcomments&post=5006"}],"version-history":[{"count":9,"href":"http:\/\/www.paroquiadoscanhas.pt\/index.php?rest_route=\/wp\/v2\/posts\/5006\/revisions"}],"predecessor-version":[{"id":5023,"href":"http:\/\/www.paroquiadoscanhas.pt\/index.php?rest_route=\/wp\/v2\/posts\/5006\/revisions\/5023"}],"wp:attachment":[{"href":"http:\/\/www.paroquiadoscanhas.pt\/index.php?rest_route=%2Fwp%2Fv2%2Fmedia&parent=5006"}],"wp:term":[{"taxonomy":"category","embeddable":true,"href":"http:\/\/www.paroquiadoscanhas.pt\/index.php?rest_route=%2Fwp%2Fv2%2Fcategories&post=5006"},{"taxonomy":"post_tag","embeddable":true,"href":"http:\/\/www.paroquiadoscanhas.pt\/index.php?rest_route=%2Fwp%2Fv2%2Ftags&post=5006"}],"curies":[{"name":"wp","href":"https:\/\/api.w.org\/{rel}","templated":true}]}}