{"id":4943,"date":"2013-10-27T18:22:19","date_gmt":"2013-10-27T18:22:19","guid":{"rendered":"http:\/\/www.paroquiadoscanhas.pt\/?p=4943"},"modified":"2013-11-15T20:11:00","modified_gmt":"2013-11-15T20:11:00","slug":"fica-comigo","status":"publish","type":"post","link":"http:\/\/www.paroquiadoscanhas.pt\/?p=4943","title":{"rendered":"Fica comigo, Jesus"},"content":{"rendered":"<p><a href=\"http:\/\/www.paroquiadoscanhas.pt\/wp-content\/uploads\/2013\/10\/im.jpg\"><img loading=\"lazy\" decoding=\"async\" class=\"alignleft size-full wp-image-4945\" alt=\"im\" src=\"http:\/\/www.paroquiadoscanhas.pt\/wp-content\/uploads\/2013\/10\/im.jpg\" width=\"194\" height=\"260\" \/><\/a><strong>Fica comigo<\/strong><\/p>\n<p style=\"text-align: justify;\">Fica comigo, Jesus, porque eu preciso de Ti.<br \/>\nFica comigo, Jesus, porque nas minhas fraquezas preciso da Tua for\u00e7a.<br \/>\nFica comigo, Jesus, porque \u00e9s Vida e, sem Ti, os meus dias s\u00e3o cinzentos.<br \/>\nFica comigo, Jesus, porque \u00e9s Luz e, sem Ti, as trevas tomam conta de mim.<br \/>\nFica comigo, Jesus, para me mostrares a Tua vontade.<br \/>\nFica comigo, Jesus, para eu escutar a Tua voz e seguir-Te.<br \/>\nFica comigo, Jesus, porque quero amar-Te e estar sempre na Tua companhia.<br \/>\nFica comigo, Jesus, para que eu trilhe sempre o Teu Caminho.<br \/>\nFica comigo, Jesus, a minha alma precisa ser consolada.<br \/>\nFica comigo, Jesus, porque \u00e9 tarde e o dia est\u00e1 a terminar.<br \/>\nFica comigo, Jesus, porque preciso fortalecer-me para n\u00e3o desfalecer no caminho.<br \/>\nFica comigo, Jesus, porque me inquietam as trevas, os erros e as tenta\u00e7\u00f5es.<br \/>\nFica, comigo, Jesus, porque preciso de Ti, hoje e todos os dias. Faz com que eu Te reconhe\u00e7a como Te reconheceram os disc\u00edpulos de Ema\u00fas quando partiste o p\u00e3o.<br \/>\nFica comigo, Jesus, que a Eucaristia seja a Luz que dissipa as trevas, seja a for\u00e7a que me sustenta e a \u00fanica felicidade do meu cora\u00e7\u00e3o.<br \/>\nFica comigo, Jesus, que a Santa Comunh\u00e3o me d\u00ea a gra\u00e7a do Teu Amor e do Teu Perd\u00e3o.<br \/>\nFica comigo, Jesus, eu sei que n\u00e3o mere\u00e7o, mas preciso da Tua Sant\u00edssima Presen\u00e7a e do P\u00e3o que me alimenta.<br \/>\nFica comigo, Jesus, porque procuro o Teu Amor, a Tua Gra\u00e7a e a Tua Verdade.<br \/>\nFica comigo, Jesus.<\/p>\n<p style=\"text-align: right;\">\u00a0\u00a0\u00a0\u00a0\u00a0\u00a0\u00a0\u00a0\u00a0\u00a0\u00a0\u00a0\u00a0\u00a0\u00a0\u00a0\u00a0\u00a0\u00a0\u00a0\u00a0\u00a0\u00a0\u00a0\u00a0\u00a0\u00a0\u00a0\u00a0\u00a0\u00a0\u00a0\u00a0\u00a0\u00a0\u00a0\u00a0\u00a0\u00a0\u00a0\u00a0\u00a0\u00a0\u00a0\u00a0\u00a0\u00a0\u00a0\u00a0\u00a0\u00a0\u00a0\u00a0\u00a0\u00a0\u00a0\u00a0\u00a0\u00a0\u00a0\u00a0\u00a0\u00a0\u00a0\u00a0\u00a0\u00a0\u00a0\u00a0\u00a0\u00a0\u00a0\u00a0\u00a0\u00a0\u00a0\u00a0\u00a0\u00a0\u00a0\u00a0\u00a0\u00a0\u00a0\u00a0\u00a0\u00a0\u00a0\u00a0\u00a0\u00a0\u00a0\u00a0\u00a0\u00a0\u00a0\u00a0\u00a0\u00a0\u00a0\u00a0\u00a0\u00a0\u00a0\u00a0\u00a0\u00a0\u00a0\u00a0\u00a0\u00a0\u00a0\u00a0\u00a0\u00a0\u00a0\u00a0\u00a0\u00a0\u00a0\u00a0\u00a0\u00a0\u00a0\u00a0\u00a0\u00a0\u00a0\u00a0\u00a0\u00a0\u00a0\u00a0\u00a0\u00a0\u00a0\u00a0\u00a0\u00a0\u00a0\u00a0\u00a0\u00a0\u00a0\u00a0\u00a0\u00a0 \u00a0\u00a0 I.A.<\/p>\n","protected":false},"excerpt":{"rendered":"<p>Fica comigo Fica comigo, Jesus, porque eu preciso de Ti. Fica comigo, Jesus, porque nas minhas fraquezas preciso da Tua for\u00e7a. Fica comigo, Jesus, porque \u00e9s Vida e, sem Ti, os meus dias s\u00e3o cinzentos. Fica comigo, Jesus, porque \u00e9s &hellip; <a href=\"http:\/\/www.paroquiadoscanhas.pt\/?p=4943\">Continue reading <span class=\"meta-nav\">&rarr;<\/span><\/a><\/p>\n","protected":false},"author":1,"featured_media":0,"comment_status":"closed","ping_status":"open","sticky":true,"template":"","format":"aside","meta":{"footnotes":""},"categories":[1],"tags":[],"class_list":["post-4943","post","type-post","status-publish","format-aside","hentry","category-sem-categoria","post_format-post-format-aside"],"_links":{"self":[{"href":"http:\/\/www.paroquiadoscanhas.pt\/index.php?rest_route=\/wp\/v2\/posts\/4943","targetHints":{"allow":["GET"]}}],"collection":[{"href":"http:\/\/www.paroquiadoscanhas.pt\/index.php?rest_route=\/wp\/v2\/posts"}],"about":[{"href":"http:\/\/www.paroquiadoscanhas.pt\/index.php?rest_route=\/wp\/v2\/types\/post"}],"author":[{"embeddable":true,"href":"http:\/\/www.paroquiadoscanhas.pt\/index.php?rest_route=\/wp\/v2\/users\/1"}],"replies":[{"embeddable":true,"href":"http:\/\/www.paroquiadoscanhas.pt\/index.php?rest_route=%2Fwp%2Fv2%2Fcomments&post=4943"}],"version-history":[{"count":20,"href":"http:\/\/www.paroquiadoscanhas.pt\/index.php?rest_route=\/wp\/v2\/posts\/4943\/revisions"}],"predecessor-version":[{"id":4980,"href":"http:\/\/www.paroquiadoscanhas.pt\/index.php?rest_route=\/wp\/v2\/posts\/4943\/revisions\/4980"}],"wp:attachment":[{"href":"http:\/\/www.paroquiadoscanhas.pt\/index.php?rest_route=%2Fwp%2Fv2%2Fmedia&parent=4943"}],"wp:term":[{"taxonomy":"category","embeddable":true,"href":"http:\/\/www.paroquiadoscanhas.pt\/index.php?rest_route=%2Fwp%2Fv2%2Fcategories&post=4943"},{"taxonomy":"post_tag","embeddable":true,"href":"http:\/\/www.paroquiadoscanhas.pt\/index.php?rest_route=%2Fwp%2Fv2%2Ftags&post=4943"}],"curies":[{"name":"wp","href":"https:\/\/api.w.org\/{rel}","templated":true}]}}