{"id":2814,"date":"2012-10-28T09:37:20","date_gmt":"2012-10-28T09:37:20","guid":{"rendered":"http:\/\/www.paroquiadoscanhas.pt\/?p=2814"},"modified":"2013-05-30T15:36:33","modified_gmt":"2013-05-30T15:36:33","slug":"mestre-eu-quero-ver-de-novo","status":"publish","type":"post","link":"http:\/\/www.paroquiadoscanhas.pt\/?p=2814","title":{"rendered":"Mestre, eu quero ver de novo"},"content":{"rendered":"<p><span style=\"font-size: small;\"><strong>Mestre, eu quero ver de novo<\/strong><\/span><\/p>\n<p style=\"text-align: justify;\">Jesus e os disc\u00edpulos chegaram \u00e0 cidade de Jeric\u00f3. Quando\u00a0Jesus estava a sair\u00a0 da cidade acompanhado por uma grande multid\u00e3o, encontrou um cego chamado Bartimeu, filho de Timeu. O cego estava sentado na beira do caminho, a pedir esmola. Quando ouviu algu\u00e9m dizer que era Jesus de Nazar\u00e9 que estava a passar, come\u00e7ou a gritar: \u00a0\u00a0&#8220;<strong>Jesus, Filho de David, tem piedade de<\/strong> <strong>mim<\/strong>&#8220;. Muitas pessoas chamaram-no \u00e0 aten\u00e7\u00e3o e mandaram que ele se calasse, mas ele gritava ainda mais: &#8220;<strong>Jesus, Filho de David, tem piedade de mim&#8221;.<\/strong><br \/>\nEnt\u00e3o, Jesus, perante a insist\u00eancia, \u00a0parou e disse: <strong>&#8220;Chamem o cego<\/strong>&#8220;.<\/p>\n<p style=\"text-align: justify;\">Eles chamaram e disseram-lhe: &#8220;<strong>Jesus est\u00e1 a chamar<\/strong>.<a href=\"http:\/\/www.paroquiadoscanhas.pt\/wp-content\/uploads\/2012\/10\/jesus-cura.jpg\"><img loading=\"lazy\" decoding=\"async\" class=\"alignright  wp-image-2815\" title=\"jesus cura\" alt=\"\" src=\"http:\/\/www.paroquiadoscanhas.pt\/wp-content\/uploads\/2012\/10\/jesus-cura.jpg\" width=\"267\" height=\"300\" \/><\/a>&#8221;<br \/>\nBartimeu levantou-se depressa e foi at\u00e9 ao lugar onde Jesus estava.<br \/>\n&#8220;<strong>O que \u00e9 que\u00a0tu queres que Eu<\/strong> <strong>fa\u00e7a<\/strong>&#8220;? Perguntou Jesus. \u00a0A esta pergunta o cego \u00e9 convidado a interiorizar. Afinal, o que \u00e9 que\u00a0ele mesmo quer? Voltar a ver, significa uma mudan\u00e7a de comportamentos na sua vida. Significa sair da escurid\u00e3o, das trevas e dar de frente com a claridade, com a luz. Ser\u00e1 que ele est\u00e1 preparado para tudo isto? Pensou um pouco e respondeu: &#8220;<strong>Mestre, eu quero ver de novo&#8221;.<\/strong><\/p>\n<p><strong>&#8220;Vai, est\u00e1s curado porque tens F\u00e9<\/strong>&#8221; &#8211;\u00a0disse Jesus.<\/p>\n<p style=\"text-align: justify;\">No mesmo instante, Bartimeu come\u00e7ou a ver e seguiu Jesus pelo caminho. Ele n\u00e3o quer saber do que lhe dizem ou pensam as pessoas que est\u00e3o ao lado, apenas tem um \u00fanico objectivo \u2013 seguir Jesus. Bartimeu, cego, marginalizado, &#8220;<strong>sentado\u00a0na beira do caminho, a pedir esmola<\/strong>&#8220;, percebe o que\u00a0muitos n\u00e3o compreendem: Jesus passa perto dele. A F\u00e9 deste cego, certamente com todas as fraquezas, \u00e9 mais poderosa do que a de muitos que n\u00e3o precisam de pedir para serem curados, pois v\u00eaem e pensam que t\u00eam tudo ou quase tudo, mas ele apenas tem um peda\u00e7o de pano onde recolhe as esmolas. \u00c9 atrav\u00e9s dos olhos da alma que ele percebe a presen\u00e7a de Jesus e acredita, que s\u00f3 Ele\u00a0o pode curar.<br \/>\nPorque teve F\u00e9, Bartimeu &#8220;<strong>segue Jesus pelo caminho<\/strong>&#8220;. O\u00a0percurso deste cego \u00e9 um testemunho de F\u00e9 e um acreditar no Mestre.<\/p>\n<p style=\"text-align: justify;\">Perante as adversidades e os contratempos com que nos deparamos na nossa vida e que muitas vezes nos atiram para o abismo, mergulhamos na escurid\u00e3o e a\u00ed permanecemos sem conseguir ver nada. As trevas toldam a nossa vista e a enfermidade toma conta dos nossos dias que deixam de ser claros e passam a ser noites de breu. Cabisbaixos e sem r\u00e9stia de esperan\u00e7a a\u00ed permanecemos sem fazer distin\u00e7\u00e3o do dia e da noite, da luz e da escurid\u00e3o. O desespero apodera-se de n\u00f3s, e achamos que tudo acabou, porque a altura do\u00a0abismo \u00e9 t\u00e3o grande e as nossas for\u00e7as t\u00e3o d\u00e9beis, que n\u00e3o discernimos como haveremos de escalar.<\/p>\n<p style=\"text-align: justify;\">Gritamos, mas parece que ningu\u00e9m nos ouve. Voltamos a gritar, mas esquecemo-nos de que, apenas Algu\u00e9m, pode salvar das profundezas do pecado em que ca\u00edmos, pode lan\u00e7ar a corda firme para nos agarrarmos e chegarmos \u00e0 superf\u00edcie e a\u00ed, sim, ver de novo a Luz.<\/p>\n<p style=\"text-align: justify;\">Fa\u00e7amos tal como o cego, percorramos o mesmo caminho que Jesus e perante a escurid\u00e3o que muitas vezes teima em tapar a luz que ilumina os nossos cora\u00e7\u00f5es, n\u00e3o tenhamos timidez e acanhamento em Lhe dizer \u201c<strong>Mestre, eu quero ver de novo\u201d.<\/strong><\/p>\n<p style=\"text-align: right;\">I.A.<\/p>\n","protected":false},"excerpt":{"rendered":"<p>Mestre, eu quero ver de novo Jesus e os disc\u00edpulos chegaram \u00e0 cidade de Jeric\u00f3. Quando\u00a0Jesus estava a sair\u00a0 da cidade acompanhado por uma grande multid\u00e3o, encontrou um cego chamado Bartimeu, filho de Timeu. O cego estava sentado na beira &hellip; <a href=\"http:\/\/www.paroquiadoscanhas.pt\/?p=2814\">Continue reading <span class=\"meta-nav\">&rarr;<\/span><\/a><\/p>\n","protected":false},"author":1,"featured_media":0,"comment_status":"closed","ping_status":"closed","sticky":true,"template":"","format":"aside","meta":{"footnotes":""},"categories":[1],"tags":[],"class_list":["post-2814","post","type-post","status-publish","format-aside","hentry","category-sem-categoria","post_format-post-format-aside"],"_links":{"self":[{"href":"http:\/\/www.paroquiadoscanhas.pt\/index.php?rest_route=\/wp\/v2\/posts\/2814","targetHints":{"allow":["GET"]}}],"collection":[{"href":"http:\/\/www.paroquiadoscanhas.pt\/index.php?rest_route=\/wp\/v2\/posts"}],"about":[{"href":"http:\/\/www.paroquiadoscanhas.pt\/index.php?rest_route=\/wp\/v2\/types\/post"}],"author":[{"embeddable":true,"href":"http:\/\/www.paroquiadoscanhas.pt\/index.php?rest_route=\/wp\/v2\/users\/1"}],"replies":[{"embeddable":true,"href":"http:\/\/www.paroquiadoscanhas.pt\/index.php?rest_route=%2Fwp%2Fv2%2Fcomments&post=2814"}],"version-history":[{"count":43,"href":"http:\/\/www.paroquiadoscanhas.pt\/index.php?rest_route=\/wp\/v2\/posts\/2814\/revisions"}],"predecessor-version":[{"id":2817,"href":"http:\/\/www.paroquiadoscanhas.pt\/index.php?rest_route=\/wp\/v2\/posts\/2814\/revisions\/2817"}],"wp:attachment":[{"href":"http:\/\/www.paroquiadoscanhas.pt\/index.php?rest_route=%2Fwp%2Fv2%2Fmedia&parent=2814"}],"wp:term":[{"taxonomy":"category","embeddable":true,"href":"http:\/\/www.paroquiadoscanhas.pt\/index.php?rest_route=%2Fwp%2Fv2%2Fcategories&post=2814"},{"taxonomy":"post_tag","embeddable":true,"href":"http:\/\/www.paroquiadoscanhas.pt\/index.php?rest_route=%2Fwp%2Fv2%2Ftags&post=2814"}],"curies":[{"name":"wp","href":"https:\/\/api.w.org\/{rel}","templated":true}]}}