{"id":2732,"date":"2012-10-21T08:26:53","date_gmt":"2012-10-21T08:26:53","guid":{"rendered":"http:\/\/www.paroquiadoscanhas.pt\/?p=2732"},"modified":"2012-12-09T08:19:52","modified_gmt":"2012-12-09T08:19:52","slug":"ano-da-fe-papa-quer-renovar-a-accao-da-igreja","status":"publish","type":"post","link":"http:\/\/www.paroquiadoscanhas.pt\/?p=2732","title":{"rendered":"Ano da F\u00e9: Papa quer renovar a ac\u00e7\u00e3o da Igreja"},"content":{"rendered":"<p><strong>Ano da F\u00e9: O Papa quer renovar a ac\u00e7\u00e3o da Igreja<\/strong><\/p>\n<p>O Projecto do\u00a0Papa\u00a0Bento XVI decorre nos 50 anos da abertura do Conc\u00edlio Vaticano II.<\/p>\n<p style=\"text-align: justify;\">Bento XVI quer que o Ano da F\u00e9 fa\u00e7a com que os cat\u00f3licos de todo o mundo assumam \u201c<strong>a sua ades\u00e3o ao Evangelho<\/strong>, <strong>anunciando publicamente a F\u00e9 num momento de profunda mudan\u00e7a\u201d.<a href=\"http:\/\/www.paroquiadoscanhas.pt\/wp-content\/uploads\/2012\/10\/Pap-Bento-XVI.jpg\"><img loading=\"lazy\" decoding=\"async\" class=\"alignright  wp-image-2733\" title=\"Pap Bento-XVI\" src=\"http:\/\/www.paroquiadoscanhas.pt\/wp-content\/uploads\/2012\/10\/Pap-Bento-XVI.jpg\" alt=\"\" width=\"280\" height=\"430\" srcset=\"http:\/\/www.paroquiadoscanhas.pt\/wp-content\/uploads\/2012\/10\/Pap-Bento-XVI.jpg 350w, http:\/\/www.paroquiadoscanhas.pt\/wp-content\/uploads\/2012\/10\/Pap-Bento-XVI-195x300.jpg 195w\" sizes=\"auto, (max-width: 280px) 100vw, 280px\" \/><\/a><\/strong><strong><\/strong><\/p>\n<p style=\"text-align: justify;\"><strong>\u201cSucede n\u00e3o poucas vezes que os crist\u00e3os sintam maior preocupa\u00e7\u00e3o com as consequ\u00eancias sociais, culturais e pol\u00edticas da F\u00e9 do que com a pr\u00f3pria F\u00e9, considerando esta como um pressuposto \u00f3bvio da sua vida di\u00e1ria. Ora um tal pressuposto n\u00e3o s\u00f3 deixou de existir, mas<\/strong> <strong>frequentemente<\/strong> <strong>acaba at\u00e9 por ser negado<\/strong>\u201d, escreve, na carta apost\u00f3lica<strong> \u00abA Porta<\/strong> <strong>da F\u00e9\u00bb.<\/strong><\/p>\n<div>\n<p style=\"text-align: justify;\">O\u00a0Papa explicou os objectivos desta iniciativa:<\/p>\n<p style=\"text-align: justify;\">\u201c<strong>Pareceu-me que fazer coincidir o in\u00edcio do ano da f\u00e9 com o cinquenten\u00e1rio da abertura do Conc\u00edlio Vaticano II poderia ser uma ocasi\u00e3o prop\u00edcia para compreender os textos deixados em heran\u00e7a<\/strong> <strong>pelos padres conciliares\u201d,<\/strong> justifica Bento XVI.<\/p>\n<p style=\"text-align: justify;\">Na carta apost\u00f3lica destaca-se que a ac\u00e7\u00e3o da Igreja deve ter em conta as <strong>\u201cmuitas pessoas que, embora n\u00e3o reconhecendo em si mesmas o dom da F\u00e9, vivem todavia uma busca sincera do sentido \u00faltimo e da verdade definitiva acerca da sua exist\u00eancia e do mundo\u201d.<\/strong><\/p>\n<p style=\"text-align: justify;\">\u201c<strong>Nos nossos dias mais do que no passado, a F\u00e9 v\u00ea-se sujeita a uma s\u00e9rie de interroga\u00e7\u00f5es, que prov\u00eam de uma diversa mentalidade que, particularmente hoje, reduz o \u00e2mbito das certezas racionais ao das<\/strong> <strong>conquistas cient\u00edficas e tecnol\u00f3gicas<\/strong>&#8221; acrescenta\u00a0ainda.<\/p>\n<p style=\"text-align: justify;\">O Papa apela\u00a0\u00e0 <strong>\u201ccaridade<\/strong>\u201d e recorda, nesse sentido, os crist\u00e3os que \u201c<strong>dedicam amorosamente a sua vida a quem vive sozinho, marginalizado ou exclu\u00eddo, considerando-o como o primeiro a quem atender e o mais importante a socorrer, porque \u00e9 precisamente nele que se espelha o pr\u00f3prio rosto de Cristo\u201d.<\/strong><\/p>\n<p style=\"text-align: justify;\">\u201c<strong>A F\u00e9, precisamente porque \u00e9 um acto da liberdade, exige tamb\u00e9m o assumir da responsabilidade social daquilo que se acredita\u201d.<\/strong><\/p>\n<p style=\"text-align: justify;\">O \u00abA<strong>no da F\u00e9<\/strong>\u00bb tem in\u00edcio vinte anos ap\u00f3s a publica\u00e7\u00e3o do Catecismo da Igreja Cat\u00f3lica, que coincide com a 13\u00aa Assembleia Geral do S\u00ednodo dos Bispos e\u00a0que tem como tema <strong>&#8216;A nova evangeliza\u00e7\u00e3o para a transmiss\u00e3o da F\u00e9 Crist\u00e3&#8217;<\/strong>.<\/p>\n<p style=\"text-align: justify;\">\u201c<strong>Tamb\u00e9m hoje \u00e9 necess\u00e1rio um empenho eclesial mais convicto a favor duma nova evangeliza\u00e7\u00e3o, para descobrir de novo a alegria de crer e reencontrar o entusiasmo de comunicar a F\u00e9\u201d.<\/strong><\/p>\n<p style=\"text-align: justify;\">O Papa sublinha a import\u00e2ncia\u00a0da Igreja, observando que \u201c<strong>o conhecimento dos conte\u00fados de F\u00e9 \u00e9 essencial para se dar o pr\u00f3prio assentimento, isto \u00e9, para aderir plenamente com a intelig\u00eancia e a vontade a quanto \u00e9 proposto pela Igreja\u201d.<\/strong><\/p>\n<p style=\"text-align: justify;\">Esta\u00a0iniciativa quer promover um \u201c<strong>esfor\u00e7o generalizado em prol da redescoberta e do estudo dos conte\u00fados fundamentais da F\u00e9, que t\u00eam no Catecismo da Igreja Cat\u00f3lica a sua s\u00edntese sistem\u00e1tica e org\u00e2nica\u201d.<\/strong><\/p>\n<p style=\"text-align: justify;\">\u201c<strong>O crit\u00e9rio fundamental para a Liturgia \u00e9 a sua orienta\u00e7\u00e3o para Deus, que nos faz participar na Sua Obra, cujo cume \u00e9 o mist\u00e9rio da Morte e da Ressurrei\u00e7\u00e3o de Cristo<\/strong>\u201d, disse Bento XVI.<\/p>\n<p>O Papa recordou ainda que o Conc\u00edlio Vaticano II come\u00e7ou os seus trabalhos pelas quest\u00f5es lit\u00fargicas e dedicou o seu primeiro documento a esta mat\u00e9ria.<\/p>\n<p style=\"text-align: justify;\">\u201c<strong>Entre tantos projectos, o texto sobre a sagrada Liturgia pareceu ser o menos controverso e, precisamente por isso, capaz de constituir uma esp\u00e9cie de exerc\u00edcio para aprender a metodologia do trabalho conciliar, mas sem d\u00favida que aquilo que \u00e0 primeira vista poderia parecer um acaso mostrou ser a<\/strong> <strong>escolha mais acertada<\/strong>\u201d, recordou.<\/p>\n<p style=\"text-align: justify;\">Cada\u00a0Eucaristia \u00e9 <strong>\u201clugar privilegiado de encontro com o Senhor\u201d <\/strong>e deve ser\u00a0alicer\u00e7ada <strong>&#8220;entre o que as pessoas dizem e o que trazem no cora\u00e7\u00e3o\u201d.<\/strong><\/p>\n<p style=\"text-align: right;\">I.A.<\/p>\n<\/div>\n","protected":false},"excerpt":{"rendered":"<p>Ano da F\u00e9: O Papa quer renovar a ac\u00e7\u00e3o da Igreja O Projecto do\u00a0Papa\u00a0Bento XVI decorre nos 50 anos da abertura do Conc\u00edlio Vaticano II. Bento XVI quer que o Ano da F\u00e9 fa\u00e7a com que os cat\u00f3licos de todo &hellip; <a href=\"http:\/\/www.paroquiadoscanhas.pt\/?p=2732\">Continue reading <span class=\"meta-nav\">&rarr;<\/span><\/a><\/p>\n","protected":false},"author":1,"featured_media":0,"comment_status":"closed","ping_status":"closed","sticky":false,"template":"","format":"aside","meta":{"footnotes":""},"categories":[1],"tags":[],"class_list":["post-2732","post","type-post","status-publish","format-aside","hentry","category-sem-categoria","post_format-post-format-aside"],"_links":{"self":[{"href":"http:\/\/www.paroquiadoscanhas.pt\/index.php?rest_route=\/wp\/v2\/posts\/2732","targetHints":{"allow":["GET"]}}],"collection":[{"href":"http:\/\/www.paroquiadoscanhas.pt\/index.php?rest_route=\/wp\/v2\/posts"}],"about":[{"href":"http:\/\/www.paroquiadoscanhas.pt\/index.php?rest_route=\/wp\/v2\/types\/post"}],"author":[{"embeddable":true,"href":"http:\/\/www.paroquiadoscanhas.pt\/index.php?rest_route=\/wp\/v2\/users\/1"}],"replies":[{"embeddable":true,"href":"http:\/\/www.paroquiadoscanhas.pt\/index.php?rest_route=%2Fwp%2Fv2%2Fcomments&post=2732"}],"version-history":[{"count":22,"href":"http:\/\/www.paroquiadoscanhas.pt\/index.php?rest_route=\/wp\/v2\/posts\/2732\/revisions"}],"predecessor-version":[{"id":3229,"href":"http:\/\/www.paroquiadoscanhas.pt\/index.php?rest_route=\/wp\/v2\/posts\/2732\/revisions\/3229"}],"wp:attachment":[{"href":"http:\/\/www.paroquiadoscanhas.pt\/index.php?rest_route=%2Fwp%2Fv2%2Fmedia&parent=2732"}],"wp:term":[{"taxonomy":"category","embeddable":true,"href":"http:\/\/www.paroquiadoscanhas.pt\/index.php?rest_route=%2Fwp%2Fv2%2Fcategories&post=2732"},{"taxonomy":"post_tag","embeddable":true,"href":"http:\/\/www.paroquiadoscanhas.pt\/index.php?rest_route=%2Fwp%2Fv2%2Ftags&post=2732"}],"curies":[{"name":"wp","href":"https:\/\/api.w.org\/{rel}","templated":true}]}}