{"id":2711,"date":"2012-10-20T07:31:06","date_gmt":"2012-10-20T07:31:06","guid":{"rendered":"http:\/\/www.paroquiadoscanhas.pt\/?p=2711"},"modified":"2012-12-09T08:20:06","modified_gmt":"2012-12-09T08:20:06","slug":"veio-para-servir-2","status":"publish","type":"post","link":"http:\/\/www.paroquiadoscanhas.pt\/?p=2711","title":{"rendered":"Veio para Servir"},"content":{"rendered":"<p align=\"center\"><strong>Domingo XXIX\u00a0 Tempo Comum &#8211; 21 Outubro<\/strong><\/p>\n<p>*SI\u00a0 32, (33), 4-5.\u00a0 * Heb 4, 14-16 * Mc 10, 35-45<\/p>\n<p align=\"center\"><strong>VEIO PARA SERVIR<\/strong><\/p>\n<p><strong>1 \u2013 Minist\u00e9rio de servi\u00e7o, n\u00e3o de poder.<\/strong><\/p>\n<p style=\"text-align: justify;\">a)\u00a0 Os ap\u00f3stolos Tiago e Jo\u00e3o e a ambi\u00e7\u00e3o de grandezas humanas\u2026<\/p>\n<p>b) A vis\u00e3o temporalista e pol\u00edtica que eles tinham do Messias \u2026<\/p>\n<p>c) Duas alternativas do poder: servir ou servir-se\u2026<\/p>\n<p><strong>2 \u2013 Autoridade e servi\u00e7o na Comunidade crist\u00e3<\/strong>.<a href=\"http:\/\/www.paroquiadoscanhas.pt\/wp-content\/uploads\/2012\/10\/jesus7.jpg\"><img loading=\"lazy\" decoding=\"async\" class=\"alignright size-full wp-image-2712\" title=\"jesus7\" src=\"http:\/\/www.paroquiadoscanhas.pt\/wp-content\/uploads\/2012\/10\/jesus7.jpg\" alt=\"\" width=\"238\" height=\"286\" \/><\/a><\/p>\n<p>a) O servi\u00e7o \u00e9 o meio de comunh\u00e3o entre os homens \u2026<\/p>\n<p>b) Cristo \u00e9 o exemplo vivo de um servi\u00e7o sem factura \u2026<\/p>\n<p>c) \u201cTanto amou Deus o mundo, que lhe entregou o pr\u00f3prio Filho\u201d\u2026<\/p>\n<p><strong>3 \u2013 Ao servi\u00e7o do Reino de Deus<\/strong>.<\/p>\n<p style=\"text-align: justify;\">a) O paradoxo da invers\u00e3o dos crit\u00e9rios humanos: \u201dO maior \u00e9 o que serve\u201d. Um convite para todos fazerem o mesmo que Ele fez \u00a0\u2026<\/p>\n<p>b) \u00c9 preciso dessacralizar o poder e despolitizar a religi\u00e3o \u2026<\/p>\n<p style=\"text-align: justify;\">c) O servi\u00e7o do Reino de Deus n\u00e3o se compadece com messianismos terrenos\u2026<\/p>\n<p style=\"text-align: right;\">P.P.<\/p>\n","protected":false},"excerpt":{"rendered":"<p>Domingo XXIX\u00a0 Tempo Comum &#8211; 21 Outubro *SI\u00a0 32, (33), 4-5.\u00a0 * Heb 4, 14-16 * Mc 10, 35-45 VEIO PARA SERVIR 1 \u2013 Minist\u00e9rio de servi\u00e7o, n\u00e3o de poder. a)\u00a0 Os ap\u00f3stolos Tiago e Jo\u00e3o e a ambi\u00e7\u00e3o de &hellip; <a href=\"http:\/\/www.paroquiadoscanhas.pt\/?p=2711\">Continue reading <span class=\"meta-nav\">&rarr;<\/span><\/a><\/p>\n","protected":false},"author":1,"featured_media":0,"comment_status":"closed","ping_status":"closed","sticky":false,"template":"","format":"aside","meta":{"footnotes":""},"categories":[1],"tags":[],"class_list":["post-2711","post","type-post","status-publish","format-aside","hentry","category-sem-categoria","post_format-post-format-aside"],"_links":{"self":[{"href":"http:\/\/www.paroquiadoscanhas.pt\/index.php?rest_route=\/wp\/v2\/posts\/2711","targetHints":{"allow":["GET"]}}],"collection":[{"href":"http:\/\/www.paroquiadoscanhas.pt\/index.php?rest_route=\/wp\/v2\/posts"}],"about":[{"href":"http:\/\/www.paroquiadoscanhas.pt\/index.php?rest_route=\/wp\/v2\/types\/post"}],"author":[{"embeddable":true,"href":"http:\/\/www.paroquiadoscanhas.pt\/index.php?rest_route=\/wp\/v2\/users\/1"}],"replies":[{"embeddable":true,"href":"http:\/\/www.paroquiadoscanhas.pt\/index.php?rest_route=%2Fwp%2Fv2%2Fcomments&post=2711"}],"version-history":[{"count":6,"href":"http:\/\/www.paroquiadoscanhas.pt\/index.php?rest_route=\/wp\/v2\/posts\/2711\/revisions"}],"predecessor-version":[{"id":3230,"href":"http:\/\/www.paroquiadoscanhas.pt\/index.php?rest_route=\/wp\/v2\/posts\/2711\/revisions\/3230"}],"wp:attachment":[{"href":"http:\/\/www.paroquiadoscanhas.pt\/index.php?rest_route=%2Fwp%2Fv2%2Fmedia&parent=2711"}],"wp:term":[{"taxonomy":"category","embeddable":true,"href":"http:\/\/www.paroquiadoscanhas.pt\/index.php?rest_route=%2Fwp%2Fv2%2Fcategories&post=2711"},{"taxonomy":"post_tag","embeddable":true,"href":"http:\/\/www.paroquiadoscanhas.pt\/index.php?rest_route=%2Fwp%2Fv2%2Ftags&post=2711"}],"curies":[{"name":"wp","href":"https:\/\/api.w.org\/{rel}","templated":true}]}}