{"id":2695,"date":"2012-10-16T19:54:44","date_gmt":"2012-10-16T19:54:44","guid":{"rendered":"http:\/\/www.paroquiadoscanhas.pt\/?p=2695"},"modified":"2012-12-09T08:29:29","modified_gmt":"2012-12-09T08:29:29","slug":"vigilia-de-oracao","status":"publish","type":"post","link":"http:\/\/www.paroquiadoscanhas.pt\/?p=2695","title":{"rendered":"Vig\u00edlia de Ora\u00e7\u00e3o"},"content":{"rendered":"<h2><strong>Vig\u00edlia de Ora\u00e7\u00e3o<a href=\"http:\/\/www.paroquiadoscanhas.pt\/wp-content\/uploads\/2012\/10\/Vigilia1.jpg\"><img loading=\"lazy\" decoding=\"async\" class=\"alignright  wp-image-2706\" title=\"Vigilia\" src=\"http:\/\/www.paroquiadoscanhas.pt\/wp-content\/uploads\/2012\/10\/Vigilia1.jpg\" alt=\"\" width=\"270\" height=\"203\" \/><\/a><\/strong><\/h2>\n<p>Vig\u00edlia de Ora\u00e7\u00e3o pelas voca\u00e7\u00f5es na Par\u00f3quia dos Canhas, dia 19 de Outubro \u00e0s 20h.<\/p>\n<p>Prov\u00eam Jovens de outras partes da Diocese.<\/p>\n","protected":false},"excerpt":{"rendered":"<p>Vig\u00edlia de Ora\u00e7\u00e3o Vig\u00edlia de Ora\u00e7\u00e3o pelas voca\u00e7\u00f5es na Par\u00f3quia dos Canhas, dia 19 de Outubro \u00e0s 20h. Prov\u00eam Jovens de outras partes da Diocese.<\/p>\n","protected":false},"author":1,"featured_media":0,"comment_status":"closed","ping_status":"closed","sticky":false,"template":"","format":"aside","meta":{"footnotes":""},"categories":[1],"tags":[],"class_list":["post-2695","post","type-post","status-publish","format-aside","hentry","category-sem-categoria","post_format-post-format-aside"],"_links":{"self":[{"href":"http:\/\/www.paroquiadoscanhas.pt\/index.php?rest_route=\/wp\/v2\/posts\/2695","targetHints":{"allow":["GET"]}}],"collection":[{"href":"http:\/\/www.paroquiadoscanhas.pt\/index.php?rest_route=\/wp\/v2\/posts"}],"about":[{"href":"http:\/\/www.paroquiadoscanhas.pt\/index.php?rest_route=\/wp\/v2\/types\/post"}],"author":[{"embeddable":true,"href":"http:\/\/www.paroquiadoscanhas.pt\/index.php?rest_route=\/wp\/v2\/users\/1"}],"replies":[{"embeddable":true,"href":"http:\/\/www.paroquiadoscanhas.pt\/index.php?rest_route=%2Fwp%2Fv2%2Fcomments&post=2695"}],"version-history":[{"count":14,"href":"http:\/\/www.paroquiadoscanhas.pt\/index.php?rest_route=\/wp\/v2\/posts\/2695\/revisions"}],"predecessor-version":[{"id":3259,"href":"http:\/\/www.paroquiadoscanhas.pt\/index.php?rest_route=\/wp\/v2\/posts\/2695\/revisions\/3259"}],"wp:attachment":[{"href":"http:\/\/www.paroquiadoscanhas.pt\/index.php?rest_route=%2Fwp%2Fv2%2Fmedia&parent=2695"}],"wp:term":[{"taxonomy":"category","embeddable":true,"href":"http:\/\/www.paroquiadoscanhas.pt\/index.php?rest_route=%2Fwp%2Fv2%2Fcategories&post=2695"},{"taxonomy":"post_tag","embeddable":true,"href":"http:\/\/www.paroquiadoscanhas.pt\/index.php?rest_route=%2Fwp%2Fv2%2Ftags&post=2695"}],"curies":[{"name":"wp","href":"https:\/\/api.w.org\/{rel}","templated":true}]}}