{"id":2594,"date":"2012-09-27T20:43:57","date_gmt":"2012-09-27T20:43:57","guid":{"rendered":"http:\/\/www.paroquiadoscanhas.pt\/?p=2594"},"modified":"2012-12-09T08:29:51","modified_gmt":"2012-12-09T08:29:51","slug":"2594","status":"publish","type":"post","link":"http:\/\/www.paroquiadoscanhas.pt\/?p=2594","title":{"rendered":"N\u00e3o Podemos Monopolizar o Esp\u00edrito"},"content":{"rendered":"<p align=\"center\"><strong>Domingo XXVI\u00a0 Tempo Comum &#8211; 30 Setembro<\/strong><\/p>\n<p>*SI\u00a0 18, (19), 8-10.\u00a0 * Tg 5, 1-6 * Mc 9, 38-43<\/p>\n<p align=\"center\"><strong>N\u00c3O PODEMOS MONOPOLIZAR O ESP\u00cdRITO<\/strong><\/p>\n<p><strong>1 \u2013 Quem n\u00e3o \u00e9 contra n\u00f3s \u00e9 por n\u00f3s.<\/strong><\/p>\n<p>a)\u00a0 O perigo do fanatismo e a tenta\u00e7\u00e3o de monopolizar o Esp\u00edrito\u2026<\/p>\n<p>b) As respostas de Mois\u00e9s e de Jesus ao zelo intransigente\u2026<\/p>\n<p style=\"text-align: justify;\">c) Jesus n\u00e3o quer a Igreja como \u201cghetto fechado\u201d ou num \u201cnumerus clausus\u201d, mas um povo aberto a todo o mundo\u2026<a href=\"http:\/\/www.paroquiadoscanhas.pt\/wp-content\/uploads\/2012\/09\/Jesus-0.jpg\"><img loading=\"lazy\" decoding=\"async\" class=\"alignright  wp-image-2597\" title=\"Jesus \" src=\"http:\/\/www.paroquiadoscanhas.pt\/wp-content\/uploads\/2012\/09\/Jesus-0.jpg\" alt=\"\" width=\"360\" height=\"270\" srcset=\"http:\/\/www.paroquiadoscanhas.pt\/wp-content\/uploads\/2012\/09\/Jesus-0.jpg 400w, http:\/\/www.paroquiadoscanhas.pt\/wp-content\/uploads\/2012\/09\/Jesus-0-300x225.jpg 300w\" sizes=\"auto, (max-width: 360px) 100vw, 360px\" \/><\/a><\/p>\n<p><strong>2 \u2013 A Institui\u00e7\u00e3o, os carismas e o poder<\/strong>.<\/p>\n<p>a)\u00a0 Cristo n\u00e3o \u00e9 monop\u00f3lio de ningu\u00e9m, nem os carismas \u2026<\/p>\n<p style=\"text-align: justify;\">b) No povo de Deus h\u00e1 diversidade de carismas e de fun\u00e7\u00f5es e todos t\u00eam como crit\u00e9rio de discernimento, a comunh\u00e3o eclesial e servi\u00e7o do bem comum \u2026<\/p>\n<p><strong>3 \u2013 O discernimento do Esp\u00edrito, hoje<\/strong>.<\/p>\n<p style=\"text-align: justify;\">a) A crise geral de f\u00e9 e a ascens\u00e3o irresist\u00edvel de todos os \u00eddolos modernos: consumismo, droga \u2026<\/p>\n<p>b) A f\u00e9 na encruzilhada de valores e contra-valores \u2026<\/p>\n<p style=\"text-align: right;\">P.P.<\/p>\n","protected":false},"excerpt":{"rendered":"<p>Domingo XXVI\u00a0 Tempo Comum &#8211; 30 Setembro *SI\u00a0 18, (19), 8-10.\u00a0 * Tg 5, 1-6 * Mc 9, 38-43 N\u00c3O PODEMOS MONOPOLIZAR O ESP\u00cdRITO 1 \u2013 Quem n\u00e3o \u00e9 contra n\u00f3s \u00e9 por n\u00f3s. a)\u00a0 O perigo do fanatismo e &hellip; <a href=\"http:\/\/www.paroquiadoscanhas.pt\/?p=2594\">Continue reading <span class=\"meta-nav\">&rarr;<\/span><\/a><\/p>\n","protected":false},"author":1,"featured_media":0,"comment_status":"closed","ping_status":"closed","sticky":false,"template":"","format":"aside","meta":{"footnotes":""},"categories":[1],"tags":[],"class_list":["post-2594","post","type-post","status-publish","format-aside","hentry","category-sem-categoria","post_format-post-format-aside"],"_links":{"self":[{"href":"http:\/\/www.paroquiadoscanhas.pt\/index.php?rest_route=\/wp\/v2\/posts\/2594","targetHints":{"allow":["GET"]}}],"collection":[{"href":"http:\/\/www.paroquiadoscanhas.pt\/index.php?rest_route=\/wp\/v2\/posts"}],"about":[{"href":"http:\/\/www.paroquiadoscanhas.pt\/index.php?rest_route=\/wp\/v2\/types\/post"}],"author":[{"embeddable":true,"href":"http:\/\/www.paroquiadoscanhas.pt\/index.php?rest_route=\/wp\/v2\/users\/1"}],"replies":[{"embeddable":true,"href":"http:\/\/www.paroquiadoscanhas.pt\/index.php?rest_route=%2Fwp%2Fv2%2Fcomments&post=2594"}],"version-history":[{"count":13,"href":"http:\/\/www.paroquiadoscanhas.pt\/index.php?rest_route=\/wp\/v2\/posts\/2594\/revisions"}],"predecessor-version":[{"id":3261,"href":"http:\/\/www.paroquiadoscanhas.pt\/index.php?rest_route=\/wp\/v2\/posts\/2594\/revisions\/3261"}],"wp:attachment":[{"href":"http:\/\/www.paroquiadoscanhas.pt\/index.php?rest_route=%2Fwp%2Fv2%2Fmedia&parent=2594"}],"wp:term":[{"taxonomy":"category","embeddable":true,"href":"http:\/\/www.paroquiadoscanhas.pt\/index.php?rest_route=%2Fwp%2Fv2%2Fcategories&post=2594"},{"taxonomy":"post_tag","embeddable":true,"href":"http:\/\/www.paroquiadoscanhas.pt\/index.php?rest_route=%2Fwp%2Fv2%2Ftags&post=2594"}],"curies":[{"name":"wp","href":"https:\/\/api.w.org\/{rel}","templated":true}]}}