{"id":2554,"date":"2012-09-13T19:24:07","date_gmt":"2012-09-13T19:24:07","guid":{"rendered":"http:\/\/www.paroquiadoscanhas.pt\/?p=2554"},"modified":"2012-12-09T08:30:04","modified_gmt":"2012-12-09T08:30:04","slug":"a-fe-vive-se-nas-obras","status":"publish","type":"post","link":"http:\/\/www.paroquiadoscanhas.pt\/?p=2554","title":{"rendered":"A F\u00e9 Vive-se nas Obras"},"content":{"rendered":"<p align=\"center\"><strong>Domingo XXIV do T. Comum &#8211; 16 Setembro<\/strong><\/p>\n<p>*SI\u00a0 144, (116), 1-2.3-4. 5-6. * Tg 2, 14-18 * Mc 8, 27-35<\/p>\n<p align=\"center\"><strong>A F\u00c9 VIVE-SE NAS OBRAS<\/strong><\/p>\n<p><strong>1 \u2013 Tu \u00e9s o Messias\u2026<\/strong><\/p>\n<p>a)\u00a0 Trata-se dum Messias sofredor e n\u00e3o triunfalista nem pol\u00edtico\u2026<br \/>\nb) A reac\u00e7\u00e3o posterior de Pedro, revela que os disc\u00edpulos precisam duma catequese sobre o mist\u00e9rio pascal\u2026<br \/>\nc) Jesus prop\u00f5e a todos a ascese libertadora da cruz\u2026<\/p>\n<p><strong>2 \u2013 A morte, \u00faltima explica\u00e7\u00e3o da vida.<\/strong><\/p>\n<p>a)\u00a0 O convite de Jesus ao seu seguimento, mas assumindo livremente a cruz\u2026<br \/>\nb) A partilha nas dores da sua humanidade\u2026<a href=\"http:\/\/www.paroquiadoscanhas.pt\/wp-content\/uploads\/2012\/09\/Jesus-16.png\"><img loading=\"lazy\" decoding=\"async\" class=\"alignright  wp-image-2555\" title=\"Jesus 16\" src=\"http:\/\/www.paroquiadoscanhas.pt\/wp-content\/uploads\/2012\/09\/Jesus-16.png\" alt=\"\" width=\"347\" height=\"296\" \/><\/a><br \/>\nc) Jesus \u00e9 o modelo. Por isso, Ele precedeu-nos a todos com o seu exemplo\u2026\u00a0\u00a0\u00a0\u00a0\u00a0\u00a0\u00a0\u00a0\u00a0\u00a0\u00a0\u00a0\u00a0\u00a0\u00a0\u00a0\u00a0\u00a0\u00a0\u00a0\u00a0\u00a0\u00a0\u00a0\u00a0\u00a0\u00a0\u00a0\u00a0\u00a0\u00a0\u00a0<\/p>\n<p><strong>3 \u2013 A f\u00e9 vive-se nas obras.<\/strong><\/p>\n<p>a)\u00a0 As obras da f\u00e9 s\u00e3o a caridade efectiva com os mais carenciados\u2026\u00a0\u00a0\u00a0\u00a0\u00a0\u00a0\u00a0\u00a0\u00a0\u00a0\u00a0\u00a0\u00a0\u00a0\u00a0\u00a0\u00a0\u00a0\u00a0\u00a0\u00a0\u00a0\u00a0\u00a0\u00a0\u00a0\u00a0\u00a0\u00a0\u00a0\u00a0\u00a0\u00a0\u00a0\u00a0\u00a0\u00a0\u00a0\u00a0\u00a0\u00a0\u00a0\u00a0\u00a0\u00a0<br \/>\nb) Jesus quer obras de convers\u00e3o e n\u00e3o palavras sem sentido\u2026<br \/>\nc) O Evangelho pede-nos uma ascese libertadora e n\u00e3o masoquista\u2026<\/p>\n<p style=\"text-align: right;\">\u00a0<\/p>\n<p style=\"text-align: right;\">P.P.<\/p>\n","protected":false},"excerpt":{"rendered":"<p>Domingo XXIV do T. Comum &#8211; 16 Setembro *SI\u00a0 144, (116), 1-2.3-4. 5-6. * Tg 2, 14-18 * Mc 8, 27-35 A F\u00c9 VIVE-SE NAS OBRAS 1 \u2013 Tu \u00e9s o Messias\u2026 a)\u00a0 Trata-se dum Messias sofredor e n\u00e3o triunfalista &hellip; <a href=\"http:\/\/www.paroquiadoscanhas.pt\/?p=2554\">Continue reading <span class=\"meta-nav\">&rarr;<\/span><\/a><\/p>\n","protected":false},"author":1,"featured_media":0,"comment_status":"closed","ping_status":"closed","sticky":false,"template":"","format":"aside","meta":{"footnotes":""},"categories":[1],"tags":[],"class_list":["post-2554","post","type-post","status-publish","format-aside","hentry","category-sem-categoria","post_format-post-format-aside"],"_links":{"self":[{"href":"http:\/\/www.paroquiadoscanhas.pt\/index.php?rest_route=\/wp\/v2\/posts\/2554","targetHints":{"allow":["GET"]}}],"collection":[{"href":"http:\/\/www.paroquiadoscanhas.pt\/index.php?rest_route=\/wp\/v2\/posts"}],"about":[{"href":"http:\/\/www.paroquiadoscanhas.pt\/index.php?rest_route=\/wp\/v2\/types\/post"}],"author":[{"embeddable":true,"href":"http:\/\/www.paroquiadoscanhas.pt\/index.php?rest_route=\/wp\/v2\/users\/1"}],"replies":[{"embeddable":true,"href":"http:\/\/www.paroquiadoscanhas.pt\/index.php?rest_route=%2Fwp%2Fv2%2Fcomments&post=2554"}],"version-history":[{"count":16,"href":"http:\/\/www.paroquiadoscanhas.pt\/index.php?rest_route=\/wp\/v2\/posts\/2554\/revisions"}],"predecessor-version":[{"id":3262,"href":"http:\/\/www.paroquiadoscanhas.pt\/index.php?rest_route=\/wp\/v2\/posts\/2554\/revisions\/3262"}],"wp:attachment":[{"href":"http:\/\/www.paroquiadoscanhas.pt\/index.php?rest_route=%2Fwp%2Fv2%2Fmedia&parent=2554"}],"wp:term":[{"taxonomy":"category","embeddable":true,"href":"http:\/\/www.paroquiadoscanhas.pt\/index.php?rest_route=%2Fwp%2Fv2%2Fcategories&post=2554"},{"taxonomy":"post_tag","embeddable":true,"href":"http:\/\/www.paroquiadoscanhas.pt\/index.php?rest_route=%2Fwp%2Fv2%2Ftags&post=2554"}],"curies":[{"name":"wp","href":"https:\/\/api.w.org\/{rel}","templated":true}]}}