{"id":2512,"date":"2012-09-06T19:53:40","date_gmt":"2012-09-06T19:53:40","guid":{"rendered":"http:\/\/www.paroquiadoscanhas.pt\/?p=2512"},"modified":"2012-12-09T08:38:15","modified_gmt":"2012-12-09T08:38:15","slug":"2512","status":"publish","type":"post","link":"http:\/\/www.paroquiadoscanhas.pt\/?p=2512","title":{"rendered":"Deus tamb\u00e9m tem prefer\u00eancias"},"content":{"rendered":"<p><strong>Domingo XXIII do Tempo Comum &#8211; 09 de Setembro<\/strong><br \/>\nSI 145, (146), 7,8-9a\u00a0\u00a0\u00a0 Tg 2,1-5\u00a0\u00a0\u00a0 Mc 5, 31-37<\/p>\n<p><strong>DEUS TAMB\u00c9M TEM PREFER\u00caNCIAS<\/strong><\/p>\n<p><strong>1 &#8211; Surdez Espiritual<\/strong><br \/>\na) Salom\u00e3o fez-se surdo \u00e0 voz de Deus. J\u00e1 n\u00e3o ouviu a sabedoria mas deixou-se levar das vozes\u00a0idiol\u00e1tricas das mulheres do seu har\u00e9m&#8230;<br \/>\nb) Introduziu o polite\u00edsmo, provocou a divis\u00e3o do reino e perdeu a amizade de Deus&#8230;<a href=\"http:\/\/www.paroquiadoscanhas.pt\/wp-content\/uploads\/2012\/09\/jesus_.jpg\"><img loading=\"lazy\" decoding=\"async\" class=\"alignright size-full wp-image-2526\" title=\"jesus_\" src=\"http:\/\/www.paroquiadoscanhas.pt\/wp-content\/uploads\/2012\/09\/jesus_.jpg\" alt=\"\" width=\"228\" height=\"293\" \/><\/a><\/p>\n<p><strong>2 &#8211; A solidariedade de Jesus com as mis\u00e9rias humanas.<\/strong><br \/>\na) Jesus e o car\u00e1cter &#8220;sacramental&#8221; dos seus gestos&#8230;<br \/>\nb) No caso, Jesus acrescenta outros gestos que superam o n\u00edvel f\u00edsico: &#8220;Um olhar ao c\u00e9u, um suspiro, uma ordem&#8221; &#8230;<br \/>\nc) Uma leitura lit\u00fargica deste Evangelho, pode ser:\u00a0a sua rela\u00e7\u00e3o com o primitivo ritual da inicia\u00e7\u00e3o crist\u00e3&#8230;<\/p>\n<p><strong>3- Jesus, esperan\u00e7a dos que sofrem.<\/strong><br \/>\na) O entusiasmo dos pag\u00e3os por Jesus, excedeu o dos judeus&#8230;<br \/>\nb) O sabor messi\u00e2nico da profecia de Isa\u00edas&#8230;<br \/>\nc) Na cura do surdo-mudo, Jesus manifesta-Se como esperan\u00e7a dos pobres e oprimidos&#8230;<br \/>\nd) A eles dedicar\u00e1 Jesus a primeira das Bem-aventuran\u00e7as&#8230;<\/p>\n<p style=\"text-align: right;\">P.P.<\/p>\n","protected":false},"excerpt":{"rendered":"<p>Domingo XXIII do Tempo Comum &#8211; 09 de Setembro SI 145, (146), 7,8-9a\u00a0\u00a0\u00a0 Tg 2,1-5\u00a0\u00a0\u00a0 Mc 5, 31-37 DEUS TAMB\u00c9M TEM PREFER\u00caNCIAS 1 &#8211; Surdez Espiritual a) Salom\u00e3o fez-se surdo \u00e0 voz de Deus. J\u00e1 n\u00e3o ouviu a sabedoria mas &hellip; <a href=\"http:\/\/www.paroquiadoscanhas.pt\/?p=2512\">Continue reading <span class=\"meta-nav\">&rarr;<\/span><\/a><\/p>\n","protected":false},"author":1,"featured_media":0,"comment_status":"closed","ping_status":"closed","sticky":false,"template":"","format":"aside","meta":{"footnotes":""},"categories":[1],"tags":[],"class_list":["post-2512","post","type-post","status-publish","format-aside","hentry","category-sem-categoria","post_format-post-format-aside"],"_links":{"self":[{"href":"http:\/\/www.paroquiadoscanhas.pt\/index.php?rest_route=\/wp\/v2\/posts\/2512","targetHints":{"allow":["GET"]}}],"collection":[{"href":"http:\/\/www.paroquiadoscanhas.pt\/index.php?rest_route=\/wp\/v2\/posts"}],"about":[{"href":"http:\/\/www.paroquiadoscanhas.pt\/index.php?rest_route=\/wp\/v2\/types\/post"}],"author":[{"embeddable":true,"href":"http:\/\/www.paroquiadoscanhas.pt\/index.php?rest_route=\/wp\/v2\/users\/1"}],"replies":[{"embeddable":true,"href":"http:\/\/www.paroquiadoscanhas.pt\/index.php?rest_route=%2Fwp%2Fv2%2Fcomments&post=2512"}],"version-history":[{"count":13,"href":"http:\/\/www.paroquiadoscanhas.pt\/index.php?rest_route=\/wp\/v2\/posts\/2512\/revisions"}],"predecessor-version":[{"id":3275,"href":"http:\/\/www.paroquiadoscanhas.pt\/index.php?rest_route=\/wp\/v2\/posts\/2512\/revisions\/3275"}],"wp:attachment":[{"href":"http:\/\/www.paroquiadoscanhas.pt\/index.php?rest_route=%2Fwp%2Fv2%2Fmedia&parent=2512"}],"wp:term":[{"taxonomy":"category","embeddable":true,"href":"http:\/\/www.paroquiadoscanhas.pt\/index.php?rest_route=%2Fwp%2Fv2%2Fcategories&post=2512"},{"taxonomy":"post_tag","embeddable":true,"href":"http:\/\/www.paroquiadoscanhas.pt\/index.php?rest_route=%2Fwp%2Fv2%2Ftags&post=2512"}],"curies":[{"name":"wp","href":"https:\/\/api.w.org\/{rel}","templated":true}]}}