{"id":2505,"date":"2012-08-31T22:49:28","date_gmt":"2012-08-31T22:49:28","guid":{"rendered":"http:\/\/www.paroquiadoscanhas.pt\/?p=2505"},"modified":"2012-12-09T08:21:14","modified_gmt":"2012-12-09T08:21:14","slug":"sede-cumpridores-da-palavra","status":"publish","type":"post","link":"http:\/\/www.paroquiadoscanhas.pt\/?p=2505","title":{"rendered":"Sede Cumpridores da Palavra"},"content":{"rendered":"<p align=\"center\"><strong>Domingo XXII do Tempo Comum &#8211; 02 Setembro<\/strong><\/p>\n<p>*SI\u00a0 14, (15), 2-3A.\u00a0 * Sl 33 (34) * Ef 5, 21-32<\/p>\n<p align=\"center\"><strong>SEDE CUMPRIDORES DA PALAVRA<\/strong><\/p>\n<p><strong>1 \u2013 A pol\u00e9mica sobre a impureza ritual.<\/strong>.<\/p>\n<p style=\"text-align: justify;\">a)\u00a0 O esc\u00e2ndalo farisaico ante os disc\u00edpulos que comem com as m\u00e3os por lavar\u2026<\/p>\n<p>b) A resposta frontal de Jesus\u2026<\/p>\n<p style=\"text-align: justify;\">c) A hipocrisia da fic\u00e7\u00e3o legal, recordada por Jesus (a tradi\u00e7\u00e3o do corb\u00e1n)\u2026<a href=\"http:\/\/www.paroquiadoscanhas.pt\/wp-content\/uploads\/2012\/08\/Palavra-de-Deus.jpg\"><img loading=\"lazy\" decoding=\"async\" class=\"alignright  wp-image-2506\" title=\"Palavra de Deus\" src=\"http:\/\/www.paroquiadoscanhas.pt\/wp-content\/uploads\/2012\/08\/Palavra-de-Deus.jpg\" alt=\"\" width=\"352\" height=\"233\" srcset=\"http:\/\/www.paroquiadoscanhas.pt\/wp-content\/uploads\/2012\/08\/Palavra-de-Deus.jpg 440w, http:\/\/www.paroquiadoscanhas.pt\/wp-content\/uploads\/2012\/08\/Palavra-de-Deus-300x198.jpg 300w\" sizes=\"auto, (max-width: 352px) 100vw, 352px\" \/><\/a><\/p>\n<p style=\"text-align: justify;\"><strong>2 \u2013 O perigo do culto vazio<\/strong>.<\/p>\n<p style=\"text-align: justify;\">a) A urg\u00eancia do amor e da fidelidade interior \u00e0 vontade do Senhor \u2026<\/p>\n<p style=\"text-align: justify;\">b) \u201cA letra mata e o esp\u00edrito d\u00e1 vida\u201d \u2026<\/p>\n<p style=\"text-align: justify;\">c) A lei mosaica, sujeita \u00e0 casu\u00edstica mesquinha das escolas rab\u00ednicas \u2026<\/p>\n<p style=\"text-align: justify;\">d) Urge rever as nossas pr\u00e1ticas religiosas\u2026<\/p>\n<p style=\"text-align: right;\">P.P.<\/p>\n","protected":false},"excerpt":{"rendered":"<p>Domingo XXII do Tempo Comum &#8211; 02 Setembro *SI\u00a0 14, (15), 2-3A.\u00a0 * Sl 33 (34) * Ef 5, 21-32 SEDE CUMPRIDORES DA PALAVRA 1 \u2013 A pol\u00e9mica sobre a impureza ritual.. a)\u00a0 O esc\u00e2ndalo farisaico ante os disc\u00edpulos que &hellip; <a href=\"http:\/\/www.paroquiadoscanhas.pt\/?p=2505\">Continue reading <span class=\"meta-nav\">&rarr;<\/span><\/a><\/p>\n","protected":false},"author":1,"featured_media":0,"comment_status":"closed","ping_status":"closed","sticky":false,"template":"","format":"aside","meta":{"footnotes":""},"categories":[1],"tags":[],"class_list":["post-2505","post","type-post","status-publish","format-aside","hentry","category-sem-categoria","post_format-post-format-aside"],"_links":{"self":[{"href":"http:\/\/www.paroquiadoscanhas.pt\/index.php?rest_route=\/wp\/v2\/posts\/2505","targetHints":{"allow":["GET"]}}],"collection":[{"href":"http:\/\/www.paroquiadoscanhas.pt\/index.php?rest_route=\/wp\/v2\/posts"}],"about":[{"href":"http:\/\/www.paroquiadoscanhas.pt\/index.php?rest_route=\/wp\/v2\/types\/post"}],"author":[{"embeddable":true,"href":"http:\/\/www.paroquiadoscanhas.pt\/index.php?rest_route=\/wp\/v2\/users\/1"}],"replies":[{"embeddable":true,"href":"http:\/\/www.paroquiadoscanhas.pt\/index.php?rest_route=%2Fwp%2Fv2%2Fcomments&post=2505"}],"version-history":[{"count":6,"href":"http:\/\/www.paroquiadoscanhas.pt\/index.php?rest_route=\/wp\/v2\/posts\/2505\/revisions"}],"predecessor-version":[{"id":3232,"href":"http:\/\/www.paroquiadoscanhas.pt\/index.php?rest_route=\/wp\/v2\/posts\/2505\/revisions\/3232"}],"wp:attachment":[{"href":"http:\/\/www.paroquiadoscanhas.pt\/index.php?rest_route=%2Fwp%2Fv2%2Fmedia&parent=2505"}],"wp:term":[{"taxonomy":"category","embeddable":true,"href":"http:\/\/www.paroquiadoscanhas.pt\/index.php?rest_route=%2Fwp%2Fv2%2Fcategories&post=2505"},{"taxonomy":"post_tag","embeddable":true,"href":"http:\/\/www.paroquiadoscanhas.pt\/index.php?rest_route=%2Fwp%2Fv2%2Ftags&post=2505"}],"curies":[{"name":"wp","href":"https:\/\/api.w.org\/{rel}","templated":true}]}}