{"id":2392,"date":"2012-08-22T08:55:55","date_gmt":"2012-08-22T08:55:55","guid":{"rendered":"http:\/\/www.paroquiadoscanhas.pt\/?p=2392"},"modified":"2012-12-09T08:21:33","modified_gmt":"2012-12-09T08:21:33","slug":"sao-as-opcoes-que-nos-definem","status":"publish","type":"post","link":"http:\/\/www.paroquiadoscanhas.pt\/?p=2392","title":{"rendered":"S\u00e3o as op\u00e7\u00f5es que nos definem"},"content":{"rendered":"<p align=\"center\"><strong>Domingo XXI do Tempo Comum &#8211; 26 Agosto<\/strong><\/p>\n<p>*Jos 24, 1-2\u00aa. 15-17. 18b * Sl 33 (34) * Ef 5, 21-32<\/p>\n<p align=\"center\"><strong>S\u00c3O AS OP\u00c7\u00d5ES QUE NOS DEFINEM<\/strong><\/p>\n<p><strong>1 \u2013 O discurso do P\u00e3o da Vida e as reac\u00e7\u00f5es em cadeia<\/strong>.<\/p>\n<p>a)\u00a0 O negativismo incr\u00e9dulo dos judeus: \u201cIsto \u00e9 inaceit\u00e1vel!\u201d\u2026<\/p>\n<p>b) A reac\u00e7\u00e3o de F\u00e9 dos Doze, personificada por Pedro: \u201cA quem iremos n\u00f3s, Senhor?!\u201d\u2026<\/p>\n<p>c) Isto equivale a uma Profiss\u00e3o de F\u00e9 messi\u00e2nica\u2026<\/p>\n<p><strong>2 \u2013 Aderir a Jesus, \u00e9 a op\u00e7\u00e3o fundamental<\/strong>.<a href=\"http:\/\/www.paroquiadoscanhas.pt\/wp-content\/uploads\/2012\/08\/JC.jpg\"><img loading=\"lazy\" decoding=\"async\" class=\"alignright  wp-image-2395\" title=\"JC\" src=\"http:\/\/www.paroquiadoscanhas.pt\/wp-content\/uploads\/2012\/08\/JC.jpg\" alt=\"\" width=\"307\" height=\"437\" srcset=\"http:\/\/www.paroquiadoscanhas.pt\/wp-content\/uploads\/2012\/08\/JC.jpg 533w, http:\/\/www.paroquiadoscanhas.pt\/wp-content\/uploads\/2012\/08\/JC-210x300.jpg 210w\" sizes=\"auto, (max-width: 307px) 100vw, 307px\" \/><\/a><\/p>\n<p>a) Que lugar ocupa Jesus no contexto dos \u201cnossos \u00eddolos!?\u201d \u2026<\/p>\n<p>b)\u00a0 As Bem-Aventuran\u00e7as e os nossos crit\u00e9rios pessoais \u2026<\/p>\n<p style=\"text-align: justify;\">c) A tenta\u00e7\u00e3o do des\u00e2nimo\u2026 Quantas vezes sentimos vontade de baixar os bra\u00e7os! \u2026<\/p>\n<p><strong>3 \u2013 Jesus \u00e9 resposta \u00e0s nossas inquieta\u00e7\u00f5es<\/strong>.<\/p>\n<p>a) O dilema das alternativas \u2026<\/p>\n<p style=\"text-align: left;\">b) Mas temos de optar por quem nos oferece garantias\u2026\u00a0\u00a0\u00a0\u00a0\u00a0\u00a0\u00a0\u00a0\u00a0\u00a0\u00a0\u00a0\u00a0\u00a0\u00a0\u00a0\u00a0\u00a0\u00a0\u00a0\u00a0\u00a0\u00a0\u00a0\u00a0\u00a0\u00a0\u00a0\u00a0\u00a0\u00a0\u00a0\u00a0\u00a0\u00a0\u00a0\u00a0\u00a0\u00a0\u00a0\u00a0\u00a0\u00a0\u00a0\u00a0\u00a0\u00a0\u00a0\u00a0\u00a0\u00a0\u00a0\u00a0\u00a0\u00a0\u00a0\u00a0\u00a0\u00a0\u00a0\u00a0\u00a0\u00a0\u00a0\u00a0\u00a0\u00a0<\/p>\n<p>\u00a0c) S\u00f3 uma Pessoa preenche todos os requisitos da felicidade: Cristo\u2026<\/p>\n<p style=\"text-align: right;\">P.P.<\/p>\n","protected":false},"excerpt":{"rendered":"<p>Domingo XXI do Tempo Comum &#8211; 26 Agosto *Jos 24, 1-2\u00aa. 15-17. 18b * Sl 33 (34) * Ef 5, 21-32 S\u00c3O AS OP\u00c7\u00d5ES QUE NOS DEFINEM 1 \u2013 O discurso do P\u00e3o da Vida e as reac\u00e7\u00f5es em cadeia. &hellip; <a href=\"http:\/\/www.paroquiadoscanhas.pt\/?p=2392\">Continue reading <span class=\"meta-nav\">&rarr;<\/span><\/a><\/p>\n","protected":false},"author":1,"featured_media":0,"comment_status":"closed","ping_status":"closed","sticky":false,"template":"","format":"aside","meta":{"footnotes":""},"categories":[1],"tags":[],"class_list":["post-2392","post","type-post","status-publish","format-aside","hentry","category-sem-categoria","post_format-post-format-aside"],"_links":{"self":[{"href":"http:\/\/www.paroquiadoscanhas.pt\/index.php?rest_route=\/wp\/v2\/posts\/2392","targetHints":{"allow":["GET"]}}],"collection":[{"href":"http:\/\/www.paroquiadoscanhas.pt\/index.php?rest_route=\/wp\/v2\/posts"}],"about":[{"href":"http:\/\/www.paroquiadoscanhas.pt\/index.php?rest_route=\/wp\/v2\/types\/post"}],"author":[{"embeddable":true,"href":"http:\/\/www.paroquiadoscanhas.pt\/index.php?rest_route=\/wp\/v2\/users\/1"}],"replies":[{"embeddable":true,"href":"http:\/\/www.paroquiadoscanhas.pt\/index.php?rest_route=%2Fwp%2Fv2%2Fcomments&post=2392"}],"version-history":[{"count":14,"href":"http:\/\/www.paroquiadoscanhas.pt\/index.php?rest_route=\/wp\/v2\/posts\/2392\/revisions"}],"predecessor-version":[{"id":3234,"href":"http:\/\/www.paroquiadoscanhas.pt\/index.php?rest_route=\/wp\/v2\/posts\/2392\/revisions\/3234"}],"wp:attachment":[{"href":"http:\/\/www.paroquiadoscanhas.pt\/index.php?rest_route=%2Fwp%2Fv2%2Fmedia&parent=2392"}],"wp:term":[{"taxonomy":"category","embeddable":true,"href":"http:\/\/www.paroquiadoscanhas.pt\/index.php?rest_route=%2Fwp%2Fv2%2Fcategories&post=2392"},{"taxonomy":"post_tag","embeddable":true,"href":"http:\/\/www.paroquiadoscanhas.pt\/index.php?rest_route=%2Fwp%2Fv2%2Ftags&post=2392"}],"curies":[{"name":"wp","href":"https:\/\/api.w.org\/{rel}","templated":true}]}}