{"id":2285,"date":"2012-08-17T19:50:13","date_gmt":"2012-08-17T19:50:13","guid":{"rendered":"http:\/\/www.paroquiadoscanhas.pt\/?p=2285"},"modified":"2012-12-09T08:21:45","modified_gmt":"2012-12-09T08:21:45","slug":"plenitude-eucaristica","status":"publish","type":"post","link":"http:\/\/www.paroquiadoscanhas.pt\/?p=2285","title":{"rendered":"Plenitude Eucar\u00edstica"},"content":{"rendered":"<p align=\"center\"><strong>Domingo XX\u00a0 do Tempo Comum &#8211; 19 Agosto<\/strong><\/p>\n<p>* SI 33 (34), 2-3. 10-11. 12-13. 14-15 * EF 5, 15-20<\/p>\n<p>* Jo 6, 51-59<\/p>\n<p align=\"center\"><strong>PLENITUDE EUCAR\u00cdSTICA<\/strong><\/p>\n<p><strong>1 \u2013 A Minha Carne \u00e9 o P\u00e3o que d\u00e1 Vida ao Mundo<\/strong>.<\/p>\n<p style=\"text-align: justify;\">a) Uma afirma\u00e7\u00e3o que, aos ouvidos dos cafarna\u00edtas, soava a antropofagia\u2026<\/p>\n<p>b) O relato situado em Cafarnaum, provavelmente ter\u00e1 sido no Cen\u00e1culo, na \u00faltima Ceia \u2026<\/p>\n<p>c) O contexto eucar\u00edstico do discurso de Jesus\u2026<a href=\"http:\/\/www.paroquiadoscanhas.pt\/wp-content\/uploads\/2012\/08\/Jesus-9.jpg\"><img loading=\"lazy\" decoding=\"async\" class=\"alignright  wp-image-2288\" title=\"Jesus 9\" src=\"http:\/\/www.paroquiadoscanhas.pt\/wp-content\/uploads\/2012\/08\/Jesus-9.jpg\" alt=\"\" width=\"291\" height=\"360\" srcset=\"http:\/\/www.paroquiadoscanhas.pt\/wp-content\/uploads\/2012\/08\/Jesus-9.jpg 323w, http:\/\/www.paroquiadoscanhas.pt\/wp-content\/uploads\/2012\/08\/Jesus-9-242x300.jpg 242w\" sizes=\"auto, (max-width: 291px) 100vw, 291px\" \/><\/a><\/p>\n<p style=\"text-align: justify;\">d) Sem F\u00e9, n\u00e3o pode haver sacramento, nem Vida nem Comunh\u00e3o com Jesus\u2026<\/p>\n<p><strong>2 \u2013 A Plenitude Eucar\u00edstica<\/strong>.<\/p>\n<p style=\"text-align: justify;\">a) Um convite constantemente repetido \u2026<\/p>\n<p style=\"text-align: justify;\">b) As duas vertentes da Comunh\u00e3o com Jesus: Vertical- participa\u00e7\u00e3o no P\u00e3o Consagrado (Corpo de Cristo); Horizontal &#8211; participa\u00e7\u00e3o no Corpo M\u00edstico<\/p>\n<p>c)\u00a0 A Celebra\u00e7\u00e3o Eucar\u00edstica n\u00e3o \u00e9 uma devo\u00e7\u00e3o privada, mas comunit\u00e1ria \u2026<\/p>\n<p style=\"text-align: right;\">P.P.<\/p>\n","protected":false},"excerpt":{"rendered":"<p>Domingo XX\u00a0 do Tempo Comum &#8211; 19 Agosto * SI 33 (34), 2-3. 10-11. 12-13. 14-15 * EF 5, 15-20 * Jo 6, 51-59 PLENITUDE EUCAR\u00cdSTICA 1 \u2013 A Minha Carne \u00e9 o P\u00e3o que d\u00e1 Vida ao Mundo. a) &hellip; <a href=\"http:\/\/www.paroquiadoscanhas.pt\/?p=2285\">Continue reading <span class=\"meta-nav\">&rarr;<\/span><\/a><\/p>\n","protected":false},"author":1,"featured_media":0,"comment_status":"open","ping_status":"closed","sticky":false,"template":"","format":"aside","meta":{"footnotes":""},"categories":[1],"tags":[],"class_list":["post-2285","post","type-post","status-publish","format-aside","hentry","category-sem-categoria","post_format-post-format-aside"],"_links":{"self":[{"href":"http:\/\/www.paroquiadoscanhas.pt\/index.php?rest_route=\/wp\/v2\/posts\/2285","targetHints":{"allow":["GET"]}}],"collection":[{"href":"http:\/\/www.paroquiadoscanhas.pt\/index.php?rest_route=\/wp\/v2\/posts"}],"about":[{"href":"http:\/\/www.paroquiadoscanhas.pt\/index.php?rest_route=\/wp\/v2\/types\/post"}],"author":[{"embeddable":true,"href":"http:\/\/www.paroquiadoscanhas.pt\/index.php?rest_route=\/wp\/v2\/users\/1"}],"replies":[{"embeddable":true,"href":"http:\/\/www.paroquiadoscanhas.pt\/index.php?rest_route=%2Fwp%2Fv2%2Fcomments&post=2285"}],"version-history":[{"count":13,"href":"http:\/\/www.paroquiadoscanhas.pt\/index.php?rest_route=\/wp\/v2\/posts\/2285\/revisions"}],"predecessor-version":[{"id":3235,"href":"http:\/\/www.paroquiadoscanhas.pt\/index.php?rest_route=\/wp\/v2\/posts\/2285\/revisions\/3235"}],"wp:attachment":[{"href":"http:\/\/www.paroquiadoscanhas.pt\/index.php?rest_route=%2Fwp%2Fv2%2Fmedia&parent=2285"}],"wp:term":[{"taxonomy":"category","embeddable":true,"href":"http:\/\/www.paroquiadoscanhas.pt\/index.php?rest_route=%2Fwp%2Fv2%2Fcategories&post=2285"},{"taxonomy":"post_tag","embeddable":true,"href":"http:\/\/www.paroquiadoscanhas.pt\/index.php?rest_route=%2Fwp%2Fv2%2Ftags&post=2285"}],"curies":[{"name":"wp","href":"https:\/\/api.w.org\/{rel}","templated":true}]}}