{"id":2138,"date":"2012-08-10T07:57:27","date_gmt":"2012-08-10T07:57:27","guid":{"rendered":"http:\/\/www.paroquiadoscanhas.pt\/?p=2138"},"modified":"2012-12-09T08:22:56","modified_gmt":"2012-12-09T08:22:56","slug":"o-pao-vivo","status":"publish","type":"post","link":"http:\/\/www.paroquiadoscanhas.pt\/?p=2138","title":{"rendered":"O P\u00c3O VIVO"},"content":{"rendered":"<p><strong>Domingo XIX \u00a0do Tempo Comum &#8211;\u00a0\u00a0 12 Agosto<\/strong><\/p>\n<p>*1 Re 19, 4-8\u00a0 * Sl 33 (34)<\/p>\n<p>* Ef 4 30\u00a0 * Jo 6,41-51<\/p>\n<p align=\"center\"><strong>O P\u00c3O VIVO<\/strong><\/p>\n<p><strong>1 &#8211; Eu sou o P\u00e3o que desceu do C\u00e9u.<a href=\"http:\/\/www.paroquiadoscanhas.pt\/wp-content\/uploads\/2012\/08\/p\u00e3o-da-vida2.jpg\"><img loading=\"lazy\" decoding=\"async\" class=\"alignright size-full wp-image-2147\" title=\"p\u00e3o da vida\" src=\"http:\/\/www.paroquiadoscanhas.pt\/wp-content\/uploads\/2012\/08\/p\u00e3o-da-vida2.jpg\" alt=\"\" width=\"270\" height=\"337\" srcset=\"http:\/\/www.paroquiadoscanhas.pt\/wp-content\/uploads\/2012\/08\/p\u00e3o-da-vida2.jpg 270w, http:\/\/www.paroquiadoscanhas.pt\/wp-content\/uploads\/2012\/08\/p\u00e3o-da-vida2-240x300.jpg 240w\" sizes=\"auto, (max-width: 270px) 100vw, 270px\" \/><\/a><\/strong><\/p>\n<p>a) Trata-se da 1\u00aa parte do discurso de Jesus sobre o P\u00e3o da Vida\u2026<\/p>\n<p>b) O esc\u00e2ndalo dos judeus reproduz uma mentalidade contr\u00e1ria \u00e0 de Cristo\u2026<\/p>\n<p>c) Trata-se dum conflito irreconcili\u00e1vel, que\u00a0 ter\u00e1 consequ\u00eancias de morte\u2026<\/p>\n<p><strong>2 &#8211; A travessia do deserto.<\/strong><\/p>\n<p>a) O cansa\u00e7o de Elias e a crise de f\u00e9 do seu tempo (s\u00e9c. IX a. C.)<\/p>\n<p>b) \u00c9 preciso realizar a travessia do deserto, sem desfalecer. Mas onde encontrar esse p\u00e3o&#8230;.<\/p>\n<p>c) Jesus auto-define-Se como o P\u00e3o que d\u00e1 a Vida eterna ao que O come\u2026<\/p>\n<p>d) O p\u00e3o da vida \u00e9 mesmo a carne de Cristo\u2026<\/p>\n<p><strong>3 &#8211; Levados pela m\u00e3o ao encontro de Deus.<\/strong><\/p>\n<p>a) Os graus do encontro inter-pessoal s\u00e3o:<\/p>\n<p>&#8211; O contacto\u2026<\/p>\n<p>&#8211; O di\u00e1logo\u2026<\/p>\n<p>&#8211; A comunh\u00e3o\u2026<\/p>\n<p style=\"text-align: right;\">P.P.<strong><\/strong><\/p>\n","protected":false},"excerpt":{"rendered":"<p>Domingo XIX \u00a0do Tempo Comum &#8211;\u00a0\u00a0 12 Agosto *1 Re 19, 4-8\u00a0 * Sl 33 (34) * Ef 4 30\u00a0 * Jo 6,41-51 O P\u00c3O VIVO 1 &#8211; Eu sou o P\u00e3o que desceu do C\u00e9u. a) Trata-se da 1\u00aa &hellip; <a href=\"http:\/\/www.paroquiadoscanhas.pt\/?p=2138\">Continue reading <span class=\"meta-nav\">&rarr;<\/span><\/a><\/p>\n","protected":false},"author":1,"featured_media":0,"comment_status":"closed","ping_status":"closed","sticky":false,"template":"","format":"aside","meta":{"footnotes":""},"categories":[1],"tags":[],"class_list":["post-2138","post","type-post","status-publish","format-aside","hentry","category-sem-categoria","post_format-post-format-aside"],"_links":{"self":[{"href":"http:\/\/www.paroquiadoscanhas.pt\/index.php?rest_route=\/wp\/v2\/posts\/2138","targetHints":{"allow":["GET"]}}],"collection":[{"href":"http:\/\/www.paroquiadoscanhas.pt\/index.php?rest_route=\/wp\/v2\/posts"}],"about":[{"href":"http:\/\/www.paroquiadoscanhas.pt\/index.php?rest_route=\/wp\/v2\/types\/post"}],"author":[{"embeddable":true,"href":"http:\/\/www.paroquiadoscanhas.pt\/index.php?rest_route=\/wp\/v2\/users\/1"}],"replies":[{"embeddable":true,"href":"http:\/\/www.paroquiadoscanhas.pt\/index.php?rest_route=%2Fwp%2Fv2%2Fcomments&post=2138"}],"version-history":[{"count":14,"href":"http:\/\/www.paroquiadoscanhas.pt\/index.php?rest_route=\/wp\/v2\/posts\/2138\/revisions"}],"predecessor-version":[{"id":3239,"href":"http:\/\/www.paroquiadoscanhas.pt\/index.php?rest_route=\/wp\/v2\/posts\/2138\/revisions\/3239"}],"wp:attachment":[{"href":"http:\/\/www.paroquiadoscanhas.pt\/index.php?rest_route=%2Fwp%2Fv2%2Fmedia&parent=2138"}],"wp:term":[{"taxonomy":"category","embeddable":true,"href":"http:\/\/www.paroquiadoscanhas.pt\/index.php?rest_route=%2Fwp%2Fv2%2Fcategories&post=2138"},{"taxonomy":"post_tag","embeddable":true,"href":"http:\/\/www.paroquiadoscanhas.pt\/index.php?rest_route=%2Fwp%2Fv2%2Ftags&post=2138"}],"curies":[{"name":"wp","href":"https:\/\/api.w.org\/{rel}","templated":true}]}}