{"id":1679,"date":"2012-06-17T19:40:32","date_gmt":"2012-06-17T19:40:32","guid":{"rendered":"http:\/\/176.9.29.233\/~paroqui3\/?p=1679"},"modified":"2013-06-21T19:54:00","modified_gmt":"2013-06-21T19:54:00","slug":"jesus-e-a-parabola-da-semente","status":"publish","type":"post","link":"http:\/\/www.paroquiadoscanhas.pt\/?p=1679","title":{"rendered":"Jesus e a Par\u00e1bola da Semente"},"content":{"rendered":"<p><strong><span>Jesus e a Par\u00e1bola da Semente<\/span><\/strong><\/p>\n<p style=\"text-align: justify;\"><span>Jesus contou\u00a0 v\u00e1rias hist\u00f3rias atrav\u00e9s de\u00a0\u00a0par\u00e1bolas e uma delas \u00e9 a do semeador que lan\u00e7ou \u00e0 terra sementes em v\u00e1rios terrenos com diferentes resultados. A import\u00e2ncia desta par\u00e1bola \u00e9 salientada por Jesus:\u00a0<strong>&#8220;N\u00e3o entendeis esta par\u00e1bola, como compreendereis as outras par\u00e1bolas?&#8221;<\/strong> (Marcos 4:13)<\/span><\/p>\n<p style=\"text-align: justify;\"><span>A hist\u00f3ria \u00e9 simples:<strong>&#8220;Um semeador sa\u00edu a semear. E, ao semear, uma parte ca\u00edu \u00e0 beira do caminho que\u00a0foi pisada e os p\u00e1ssaros\u00a0comeram. Outra semente ca\u00edu sobre a pedra e,\u00a0quando cresceu, secou por falta de humidade. Outra semente ca\u00edu no meio dos espinhos e, estes, ao crescerem, sufocaram-na. Outra semente ca\u00edu em boa terra, cresceu e produziu frutos&#8221;.\u00a0\u00a0\u00a0 \u00a0 <\/strong>(Lucas8:5-8). <\/span><\/p>\n<p style=\"text-align: justify;\"><span>Outra par\u00e1bola que Jesus\u00a0contou foi: <strong>&#8220;O reino dos c\u00e9us \u00e9 semelhante ao gr\u00e3o de mostarda que o homem semeou no campo. Este\u00a0gr\u00e3o \u00e9 a semente mais pequena, mas ao crescer d\u00e1 uma \u00e1rvore grande onde as aves<\/strong> <strong>do\u00a0c\u00e9u\u00a0fazem os seus ninhos&#8221;. <\/strong>(Mateus 13:31 ,32)<\/span><\/p>\n<p style=\"text-align: justify;\"><span>A explica\u00e7\u00e3o de Jesus \u00e9 f\u00e1cil:\u00a0a semente \u00e9 a Palavra de Deus e s\u00f3 os que a escutam sabem, que\u00a0 salva, regenera, liberta, purifica, santifica e eleva-nos a Deus. S\u00f3 a semente que cai em terreno f\u00e9rtil, dar\u00e1 frutos. <\/span><span>Os frutos v\u00e3o depender,\u00a0pois,\u00a0da forma de resposta, que dermos a Deus, na nossa viv\u00eancia crist\u00e3.<a href=\"http:\/\/www.paroquiadoscanhas.pt\/wp-content\/uploads\/2012\/06\/4.jpg\"><img loading=\"lazy\" decoding=\"async\" class=\"alignright size-medium wp-image-4685\" alt=\"4\" src=\"http:\/\/www.paroquiadoscanhas.pt\/wp-content\/uploads\/2012\/06\/4-300x270.jpg\" width=\"300\" height=\"270\" srcset=\"http:\/\/www.paroquiadoscanhas.pt\/wp-content\/uploads\/2012\/06\/4-300x270.jpg 300w, http:\/\/www.paroquiadoscanhas.pt\/wp-content\/uploads\/2012\/06\/4.jpg 400w\" sizes=\"auto, (max-width: 300px) 100vw, 300px\" \/><\/a><\/span><\/p>\n<p style=\"text-align: justify;\"><span>A Palavra de Deus cont\u00e9m for\u00e7a vivificante. Precisamos que a Palavra cres\u00e7a, sirva de alimento\u00a0e produza frutos\u00a0na nossas vidas, como h\u00e1 2000 anos.<\/span><\/p>\n<p style=\"text-align: justify;\">A\u00a0mesma semente foi\u00a0colocada em\u00a0diferentes tipos de solos, mas os resultados foram diferentes. A mesma Palavra de Deus pode ser plantada\u00a0 mas os resultados poder\u00e3o tamb\u00e9m ser distintos porque s\u00e3o\u00a0determinados pelo cora\u00e7\u00e3o, que as escuta.<\/p>\n<p style=\"text-align: justify;\"><span>Nalguns momentos n\u00f3s somos como\u00a0solo da beira de estrada, imperme\u00e1vel. N\u00e3o temos o cora\u00e7\u00e3o receptivo para permitir que a Palavra de Deus fa\u00e7a morada e\u00a0nos transforme.<\/span><\/p>\n<p style=\"text-align: justify;\"><span>Precisamos desenvolver fortes\u00a0ra\u00edzes por meio da F\u00e9 em Cristo, da escuta\u00a0da Palavra e no cumprimento dos Mandamentos. Nos tempos dif\u00edceis, somente\u00a0os que desenvolverem as\u00a0suas ra\u00edzes em boa terra, ter\u00e3o\u00a0assento junto de Jesus\u00a0.<\/span><\/p>\n<p style=\"text-align: justify;\"><span>Quando permitimos que a erva daninha cres\u00e7a ao lado da boa semente, os frutos, n\u00e3o poder\u00e3o ser bons. As ervas, com o tempo,\u00a0sufocar\u00e3o certamente a planta.\u00a0 Assim, \u00e9 na nossa vida. Se as faltas, as fragilidades, as tenta\u00e7\u00f5es, os erros prevalecerem sobre as boas ac\u00e7\u00f5es, n\u00e3o deixaremos caminho aberto para o Evangelho.<\/span><\/p>\n<p style=\"text-align: justify;\"><span>A conclus\u00e3o desta par\u00e1bola \u00e9 apenas esta: s\u00f3 o bom solo, produz fruto e s\u00f3 o cora\u00e7\u00e3o aberto ret\u00e9m a Palavra de Deus. Aceitemos Jesus como\u00a0nosso Amigo e deixemos que Ele conduza as nossas vidas ao sabor do Evangelho.\u00a0 <\/span><\/p>\n<p style=\"text-align: justify;\"><span>O Senhor Jesus\u00a0disse: <strong>\u201cem verdade, em verdade vos digo que <strong>aquele que cr\u00ea em Mim<\/strong> tem a vida eterna\u201d. <\/strong>(Jo\u00e3o 6:47)<strong>. <\/strong>O\u00a0 mais importante\u00a0\u00e9 crer. N\u00e3o podemos viver por viver mas deixemos, a partir de hoje,\u00a0a semente de Deus germinar e criar ra\u00edzes em\u00a0n\u00f3s. <\/span><\/p>\n<p style=\"text-align: right;\"><span>I.A.<\/span><\/p>\n","protected":false},"excerpt":{"rendered":"<p>Jesus e a Par\u00e1bola da Semente Jesus contou\u00a0 v\u00e1rias hist\u00f3rias atrav\u00e9s de\u00a0\u00a0par\u00e1bolas e uma delas \u00e9 a do semeador que lan\u00e7ou \u00e0 terra sementes em v\u00e1rios terrenos com diferentes resultados. A import\u00e2ncia desta par\u00e1bola \u00e9 salientada por Jesus:\u00a0&#8220;N\u00e3o entendeis esta &hellip; <a href=\"http:\/\/www.paroquiadoscanhas.pt\/?p=1679\">Continue reading <span class=\"meta-nav\">&rarr;<\/span><\/a><\/p>\n","protected":false},"author":1,"featured_media":0,"comment_status":"closed","ping_status":"closed","sticky":true,"template":"","format":"aside","meta":{"footnotes":""},"categories":[1],"tags":[],"class_list":["post-1679","post","type-post","status-publish","format-aside","hentry","category-sem-categoria","post_format-post-format-aside"],"_links":{"self":[{"href":"http:\/\/www.paroquiadoscanhas.pt\/index.php?rest_route=\/wp\/v2\/posts\/1679","targetHints":{"allow":["GET"]}}],"collection":[{"href":"http:\/\/www.paroquiadoscanhas.pt\/index.php?rest_route=\/wp\/v2\/posts"}],"about":[{"href":"http:\/\/www.paroquiadoscanhas.pt\/index.php?rest_route=\/wp\/v2\/types\/post"}],"author":[{"embeddable":true,"href":"http:\/\/www.paroquiadoscanhas.pt\/index.php?rest_route=\/wp\/v2\/users\/1"}],"replies":[{"embeddable":true,"href":"http:\/\/www.paroquiadoscanhas.pt\/index.php?rest_route=%2Fwp%2Fv2%2Fcomments&post=1679"}],"version-history":[{"count":55,"href":"http:\/\/www.paroquiadoscanhas.pt\/index.php?rest_route=\/wp\/v2\/posts\/1679\/revisions"}],"predecessor-version":[{"id":1683,"href":"http:\/\/www.paroquiadoscanhas.pt\/index.php?rest_route=\/wp\/v2\/posts\/1679\/revisions\/1683"}],"wp:attachment":[{"href":"http:\/\/www.paroquiadoscanhas.pt\/index.php?rest_route=%2Fwp%2Fv2%2Fmedia&parent=1679"}],"wp:term":[{"taxonomy":"category","embeddable":true,"href":"http:\/\/www.paroquiadoscanhas.pt\/index.php?rest_route=%2Fwp%2Fv2%2Fcategories&post=1679"},{"taxonomy":"post_tag","embeddable":true,"href":"http:\/\/www.paroquiadoscanhas.pt\/index.php?rest_route=%2Fwp%2Fv2%2Ftags&post=1679"}],"curies":[{"name":"wp","href":"https:\/\/api.w.org\/{rel}","templated":true}]}}