{"id":1375,"date":"2012-05-24T20:39:30","date_gmt":"2012-05-24T20:39:30","guid":{"rendered":"http:\/\/176.9.29.233\/~paroqui3\/?p=1375"},"modified":"2012-12-09T08:24:06","modified_gmt":"2012-12-09T08:24:06","slug":"mes-do-sagrado-coracao-de-jesus","status":"publish","type":"post","link":"http:\/\/www.paroquiadoscanhas.pt\/?p=1375","title":{"rendered":"M\u00eas do Sagrado Cora\u00e7\u00e3o de Jesus"},"content":{"rendered":"<p style=\"text-align: justify;\"><strong>M\u00eas do Sagrado Cora\u00e7\u00e3o de Jesus<\/strong><\/p>\n<p style=\"text-align: justify;\">N\u00f3s celebramos esta grande Festa Lit\u00fargica na Igreja, que nos leva a um<a href=\"http:\/\/paroquiadoscanhas.pt\/wp-content\/uploads\/2012\/05\/Sem-t\u00edtulo2.jpg\"><img loading=\"lazy\" decoding=\"async\" class=\"alignright size-full wp-image-1380\" title=\"Sem t\u00edtulo\" src=\"http:\/\/paroquiadoscanhas.pt\/wp-content\/uploads\/2012\/05\/Sem-t\u00edtulo2.jpg\" alt=\"\" width=\"120\" height=\"149\" \/><\/a> profundo culto a Deus, pois nos esclarece Santo Afonso de Lig\u00f3rio: <strong>&#8220;A devo\u00e7\u00e3o ao Cora\u00e7\u00e3o de Jesus \u00e9 a mais bela e a mais s\u00f3lida do Cristianismo&#8221;.<\/strong><\/p>\n<p style=\"text-align: justify;\">Esta devo\u00e7\u00e3o consiste no reconhecimento, entrega e dedica\u00e7\u00e3o ao amor de Jesus, manifestado no s\u00edmbolo mais simples do amor, isto \u00e9 o cora\u00e7\u00e3o. Podemos afirmar que esta devo\u00e7\u00e3o ao Cora\u00e7\u00e3o Sagrado de Jesus fundamenta-se no Evangelho, onde encontramos a ac\u00e7\u00e3o misericordiosa do Cristo e o seu lado aberto. Tornou-se popular a partir das manifesta\u00e7\u00f5es vis\u00edveis do Senhor a Santa Margarida Alacoque, que inicialmente lhe disse:<br \/>\n<strong>&#8220;Eis o Cora\u00e7\u00e3o que tanto tem amado os homens e os cumulou de benef\u00edcios, e em resposta ao seu amor infinito, em vez de gratid\u00e3o, encontra esquecimento, frieza e desprezo&#8221;.<\/strong><\/p>\n<p align=\"center\"><strong>Santos Populares<\/strong><\/p>\n<p style=\"text-align: justify;\">O m\u00eas de Junho \u00e9, tradicionalmente, o m\u00eas dos Santos Populares: St. Ant\u00f3nio, S. Jo\u00e3o e S. Pedro. <a href=\"http:\/\/paroquiadoscanhas.pt\/wp-content\/uploads\/2012\/05\/Santo-Ant\u00f3nio1.jpg\"><img loading=\"lazy\" decoding=\"async\" class=\"alignright size-full wp-image-1387\" title=\"Santo Ant\u00f3nio\" src=\"http:\/\/paroquiadoscanhas.pt\/wp-content\/uploads\/2012\/05\/Santo-Ant\u00f3nio1.jpg\" alt=\"\" width=\"89\" height=\"130\" \/><\/a>Podemos tamb\u00e9m olhar para eles como tr\u00eas homens que no seu tempo tiveram, mesmo com as suas fragilidades humanas, coragem de proclamar e viver o Amor a Deus e de Deus. St. Ant\u00f3nio dizia que <strong>\u201ctudo \u00e9<\/strong> <strong>nada, excepto Amar a Deus\u201d. <\/strong>\u00c9 visto como o casamenteiro, e certamente ficar\u00e1 feliz se os casais descobrirem que o seu matrim\u00f3nio \u00e9 o Sacramento do Amor e s\u00e3o o sinal do Amor de Deus pelos Homens. Certamente ficar\u00e1 feliz se os casais e cada pessoa descobrir que \u00e9 no Amor a Deus que toda a vida tem que acontecer.\u00a0Ficar\u00e1 feliz, se cada um encontrar a verdadeira voca\u00e7\u00e3o a que \u00e9 chamado.<a href=\"http:\/\/paroquiadoscanhas.pt\/wp-content\/uploads\/2012\/05\/S.Jo\u00e3o.jpg\"><img loading=\"lazy\" decoding=\"async\" class=\"alignleft size-full wp-image-1388\" title=\"S.Jo\u00e3o\" src=\"http:\/\/paroquiadoscanhas.pt\/wp-content\/uploads\/2012\/05\/S.Jo\u00e3o.jpg\" alt=\"\" width=\"87\" height=\"126\" \/><\/a>\u00a0<\/p>\n<p style=\"text-align: justify;\">S. Jo\u00e3o, o Baptista, amou tanto a Cristo que, para o anunciar, deu a sua vida. Foi ele que, com Jesus no Jord\u00e3o, transformou um baptismo de convers\u00e3o num baptismo de Filia\u00e7\u00e3o Divina. V\u00e1rias vezes o quiseram fazer Messias, mas ele sempre respondeu que n\u00e3o. Ele apontava o Cordeiro de Deus dizendo: <strong>\u201cQue Ele cres\u00e7a e eu diminua\u201d. <\/strong><\/p>\n<p style=\"text-align: justify;\">S. Pedro, disc\u00edpulo de Jesus, tamb\u00e9m entregou a sua vida pelo Seu Mestre.<a href=\"http:\/\/paroquiadoscanhas.pt\/wp-content\/uploads\/2012\/05\/Santo-Pedro2.jpg\"><img loading=\"lazy\" decoding=\"async\" class=\"alignright size-full wp-image-1401\" title=\"Santo Pedro\" src=\"http:\/\/paroquiadoscanhas.pt\/wp-content\/uploads\/2012\/05\/Santo-Pedro2.jpg\" alt=\"\" width=\"108\" height=\"119\" \/><\/a> Caminhou com Cristo, sendo um simples pescador foi escolhido para guiar a Igreja nascente. Vacilou e negou-O, mas reconhecendo a sua fragilidade professou novamente o seu amor: <strong>\u201cTu sabes tudo, Senhor, bem sabes que Te amo!\u201d<\/strong><\/p>\n<p style=\"text-align: justify;\">Tr\u00eas Santos. Tr\u00eas homens iguais a tantos outros. Tr\u00eas pessoas de situa\u00e7\u00f5es sociais e econ\u00f3micas diferentes, bem como de diferentes n\u00edveis culturais e acad\u00e9micos. Contudo, tr\u00eas homens unidos no mesmo Amor, marcados e apaixonados pelo mesmo Jesus. Podendo valerem-se das suas condi\u00e7\u00f5es, viveram com simplicidade e humildemente.<\/p>\n<p style=\"text-align: justify;\">Tr\u00eas dos Santos mais venerados por toda a Igreja e mais respeitados em todas as culturas e mesmo pelas outras religi\u00f5es. Tr\u00eas homens que s\u00e3o para n\u00f3s exemplo e est\u00edmulo para vivermos a Santidade que recebemos no Baptismo.<\/p>\n<p style=\"text-align: justify;\">Talvez, por isso, eles sejam t\u00e3o populares entre n\u00f3s: porque sendo do povo, nos indicam Aquele que deu a Sua Vida pelo Povo.<\/p>\n<p style=\"text-align: right;\">P.P.<\/p>\n","protected":false},"excerpt":{"rendered":"<p>M\u00eas do Sagrado Cora\u00e7\u00e3o de Jesus N\u00f3s celebramos esta grande Festa Lit\u00fargica na Igreja, que nos leva a um profundo culto a Deus, pois nos esclarece Santo Afonso de Lig\u00f3rio: &#8220;A devo\u00e7\u00e3o ao Cora\u00e7\u00e3o de Jesus \u00e9 a mais bela &hellip; <a href=\"http:\/\/www.paroquiadoscanhas.pt\/?p=1375\">Continue reading <span class=\"meta-nav\">&rarr;<\/span><\/a><\/p>\n","protected":false},"author":1,"featured_media":0,"comment_status":"closed","ping_status":"closed","sticky":false,"template":"","format":"aside","meta":{"footnotes":""},"categories":[1],"tags":[],"class_list":["post-1375","post","type-post","status-publish","format-aside","hentry","category-sem-categoria","post_format-post-format-aside"],"_links":{"self":[{"href":"http:\/\/www.paroquiadoscanhas.pt\/index.php?rest_route=\/wp\/v2\/posts\/1375","targetHints":{"allow":["GET"]}}],"collection":[{"href":"http:\/\/www.paroquiadoscanhas.pt\/index.php?rest_route=\/wp\/v2\/posts"}],"about":[{"href":"http:\/\/www.paroquiadoscanhas.pt\/index.php?rest_route=\/wp\/v2\/types\/post"}],"author":[{"embeddable":true,"href":"http:\/\/www.paroquiadoscanhas.pt\/index.php?rest_route=\/wp\/v2\/users\/1"}],"replies":[{"embeddable":true,"href":"http:\/\/www.paroquiadoscanhas.pt\/index.php?rest_route=%2Fwp%2Fv2%2Fcomments&post=1375"}],"version-history":[{"count":22,"href":"http:\/\/www.paroquiadoscanhas.pt\/index.php?rest_route=\/wp\/v2\/posts\/1375\/revisions"}],"predecessor-version":[{"id":3244,"href":"http:\/\/www.paroquiadoscanhas.pt\/index.php?rest_route=\/wp\/v2\/posts\/1375\/revisions\/3244"}],"wp:attachment":[{"href":"http:\/\/www.paroquiadoscanhas.pt\/index.php?rest_route=%2Fwp%2Fv2%2Fmedia&parent=1375"}],"wp:term":[{"taxonomy":"category","embeddable":true,"href":"http:\/\/www.paroquiadoscanhas.pt\/index.php?rest_route=%2Fwp%2Fv2%2Fcategories&post=1375"},{"taxonomy":"post_tag","embeddable":true,"href":"http:\/\/www.paroquiadoscanhas.pt\/index.php?rest_route=%2Fwp%2Fv2%2Ftags&post=1375"}],"curies":[{"name":"wp","href":"https:\/\/api.w.org\/{rel}","templated":true}]}}